{"id":722,"date":"2014-12-11T07:00:54","date_gmt":"2014-12-11T06:00:54","guid":{"rendered":"http:\/\/levangilealecran.com?p=722"},"modified":"2014-12-07T09:56:15","modified_gmt":"2014-12-07T08:56:15","slug":"avent-2014-jour-12","status":"publish","type":"post","link":"https:\/\/levangilealecran.com\/?p=722","title":{"rendered":"Avent 2014 &#8211; Jour 12"},"content":{"rendered":"<p style=\"text-align: justify;\">\u00ab\u00a0Parmi les hommes, il n\u2019en a pas exist\u00e9 de plus grand que Jean-Baptiste\u00a0; et cependant le plus petit dans le Royaume des cieux est plus grand que lui.\u00a0\u00bb (Mt 11, 11)<\/p>\n<p><strong>&gt; Si le plus grand est bien nomm\u00e9 &#8211; Jean-Baptiste &#8211; le plus petit ne l\u2019est pas\u00a0: qui est-il\u00a0? La Tradition l\u2019a nomm\u00e9\u00a0: c\u2019est J\u00e9sus, le Fils \u00e9ternel de Dieu, Dieu Lui-m\u00eame dans l\u2019humanit\u00e9 qui va nous appara\u00eetre \u00e0 No\u00ebl, celle d\u2019un petit enfant. La vraie grandeur est l\u00e0\u00a0: en J\u00e9sus et en tous ceux qui lui sont unis en lui offrant leur amour simple, pauvre mais total.<\/strong><\/p>\n","protected":false},"excerpt":{"rendered":"<p>\u00ab\u00a0Parmi les hommes, il n\u2019en a pas exist\u00e9 de plus grand que Jean-Baptiste\u00a0; et cependant le plus petit dans le Royaume des cieux est plus grand que lui.\u00a0\u00bb (Mt 11, 11) &gt; Si le plus grand est bien nomm\u00e9 &#8211; Jean-Baptiste &#8211; le plus petit ne l\u2019est pas\u00a0: qui est-il\u00a0? La Tradition l\u2019a nomm\u00e9\u00a0: c\u2019est J\u00e9sus, le Fils \u00e9ternel de Dieu, Dieu Lui-m\u00eame dans l\u2019humanit\u00e9 qui va nous appara\u00eetre \u00e0 No\u00ebl, celle d\u2019un petit enfant. La vraie grandeur est l\u00e0\u00a0: en J\u00e9sus et en tous ceux qui lui sont unis en lui offrant leur amour simple, pauvre mais total.<\/p>\n","protected":false},"author":1,"featured_media":0,"comment_status":"open","ping_status":"open","sticky":false,"template":"","format":"standard","meta":{"footnotes":""},"categories":[147],"tags":[334,323,169,433],"class_list":["post-722","post","type-post","status-publish","format-standard","hentry","category-avent-2","tag-grand-petit","tag-invites-avent-2014","tag-jean-baptiste","tag-matthieu"],"_links":{"self":[{"href":"https:\/\/levangilealecran.com\/index.php?rest_route=\/wp\/v2\/posts\/722","targetHints":{"allow":["GET"]}}],"collection":[{"href":"https:\/\/levangilealecran.com\/index.php?rest_route=\/wp\/v2\/posts"}],"about":[{"href":"https:\/\/levangilealecran.com\/index.php?rest_route=\/wp\/v2\/types\/post"}],"author":[{"embeddable":true,"href":"https:\/\/levangilealecran.com\/index.php?rest_route=\/wp\/v2\/users\/1"}],"replies":[{"embeddable":true,"href":"https:\/\/levangilealecran.com\/index.php?rest_route=%2Fwp%2Fv2%2Fcomments&post=722"}],"version-history":[{"count":1,"href":"https:\/\/levangilealecran.com\/index.php?rest_route=\/wp\/v2\/posts\/722\/revisions"}],"predecessor-version":[{"id":723,"href":"https:\/\/levangilealecran.com\/index.php?rest_route=\/wp\/v2\/posts\/722\/revisions\/723"}],"wp:attachment":[{"href":"https:\/\/levangilealecran.com\/index.php?rest_route=%2Fwp%2Fv2%2Fmedia&parent=722"}],"wp:term":[{"taxonomy":"category","embeddable":true,"href":"https:\/\/levangilealecran.com\/index.php?rest_route=%2Fwp%2Fv2%2Fcategories&post=722"},{"taxonomy":"post_tag","embeddable":true,"href":"https:\/\/levangilealecran.com\/index.php?rest_route=%2Fwp%2Fv2%2Ftags&post=722"}],"curies":[{"name":"wp","href":"https:\/\/api.w.org\/{rel}","templated":true}]}}