{"id":720,"date":"2014-12-10T07:00:08","date_gmt":"2014-12-10T06:00:08","guid":{"rendered":"http:\/\/levangilealecran.com?p=720"},"modified":"2014-12-07T09:53:23","modified_gmt":"2014-12-07T08:53:23","slug":"avent-2014-jour-11","status":"publish","type":"post","link":"https:\/\/levangilealecran.com\/?p=720","title":{"rendered":"Avent 2014 &#8211; Jour 11"},"content":{"rendered":"<p style=\"text-align: justify;\">\u00ab\u00a0Car mon joug est doux, et mon fardeau l\u00e9ger.\u00a0\u00bb (Matthieu 11, 30)<\/p>\n<p style=\"text-align: justify;\"><strong>&gt; Rien ne saurait \u00eatre plus l\u00e9ger qu&rsquo;un fardeau qui n&rsquo;en est pas un ! \u00a0Trouvons-nous cela lourd de passer toute une soir\u00e9e en compagnie de quelqu&rsquo;un que nous aimons ? Non. Mais en compagnie de quelqu&rsquo;un que nous ne supportons pas ? Oui. Un fardeau l\u00e9ger c&rsquo;est cela, r\u00e9ussir \u00e0 rendre chaque moment de vie comme un moment en compagnie de personnes que nous appr\u00e9cions et que nous aimons. L&rsquo;autre est potentiellement un ami ou une amie car cr\u00e9ature de Dieu comme nous.<\/strong><\/p>\n","protected":false},"excerpt":{"rendered":"<p>\u00ab\u00a0Car mon joug est doux, et mon fardeau l\u00e9ger.\u00a0\u00bb (Matthieu 11, 30) &gt; Rien ne saurait \u00eatre plus l\u00e9ger qu&rsquo;un fardeau qui n&rsquo;en est pas un ! \u00a0Trouvons-nous cela lourd de passer toute une soir\u00e9e en compagnie de quelqu&rsquo;un que nous aimons ? Non. Mais en compagnie de quelqu&rsquo;un que nous ne supportons pas ? Oui. Un fardeau l\u00e9ger c&rsquo;est cela, r\u00e9ussir \u00e0 rendre chaque moment de vie comme un moment en compagnie de personnes que nous appr\u00e9cions et que nous aimons. L&rsquo;autre est potentiellement un ami ou une amie car cr\u00e9ature de Dieu comme nous.<\/p>\n","protected":false},"author":1,"featured_media":0,"comment_status":"open","ping_status":"open","sticky":false,"template":"","format":"standard","meta":{"footnotes":""},"categories":[147],"tags":[333,323,433,313],"class_list":["post-720","post","type-post","status-publish","format-standard","hentry","category-avent-2","tag-fardeau-leger","tag-invites-avent-2014","tag-matthieu","tag-prochain"],"_links":{"self":[{"href":"https:\/\/levangilealecran.com\/index.php?rest_route=\/wp\/v2\/posts\/720","targetHints":{"allow":["GET"]}}],"collection":[{"href":"https:\/\/levangilealecran.com\/index.php?rest_route=\/wp\/v2\/posts"}],"about":[{"href":"https:\/\/levangilealecran.com\/index.php?rest_route=\/wp\/v2\/types\/post"}],"author":[{"embeddable":true,"href":"https:\/\/levangilealecran.com\/index.php?rest_route=\/wp\/v2\/users\/1"}],"replies":[{"embeddable":true,"href":"https:\/\/levangilealecran.com\/index.php?rest_route=%2Fwp%2Fv2%2Fcomments&post=720"}],"version-history":[{"count":1,"href":"https:\/\/levangilealecran.com\/index.php?rest_route=\/wp\/v2\/posts\/720\/revisions"}],"predecessor-version":[{"id":721,"href":"https:\/\/levangilealecran.com\/index.php?rest_route=\/wp\/v2\/posts\/720\/revisions\/721"}],"wp:attachment":[{"href":"https:\/\/levangilealecran.com\/index.php?rest_route=%2Fwp%2Fv2%2Fmedia&parent=720"}],"wp:term":[{"taxonomy":"category","embeddable":true,"href":"https:\/\/levangilealecran.com\/index.php?rest_route=%2Fwp%2Fv2%2Fcategories&post=720"},{"taxonomy":"post_tag","embeddable":true,"href":"https:\/\/levangilealecran.com\/index.php?rest_route=%2Fwp%2Fv2%2Ftags&post=720"}],"curies":[{"name":"wp","href":"https:\/\/api.w.org\/{rel}","templated":true}]}}