{"id":718,"date":"2014-12-09T07:00:26","date_gmt":"2014-12-09T06:00:26","guid":{"rendered":"http:\/\/levangilealecran.com?p=718"},"modified":"2014-12-07T09:50:40","modified_gmt":"2014-12-07T08:50:40","slug":"avent-2014-jour-10","status":"publish","type":"post","link":"https:\/\/levangilealecran.com\/?p=718","title":{"rendered":"Avent 2014 &#8211; Jour 10"},"content":{"rendered":"<p style=\"text-align: justify;\">Quel est votre avis\u00a0? Si un homme poss\u00e8de cent brebis et que l\u2019une d\u2019entre elles s\u2019\u00e9gare, ne va-t-il pas laisser les quatre-vingt-dix-neuf autres dans la montagne pour partir \u00e0 la recherche de la brebis \u00e9gar\u00e9e\u00a0? (Mt 18,12)<\/p>\n<p><strong>&gt; Comment r\u00e9pondre \u00e0 cette question de J\u00e9sus\u00a0? Est-ce si normal d\u2019abandonner en pleine montagne tout un cheptel, qui a une valeur marchande consid\u00e9rable, pour chercher une simple brebis \u00e9gar\u00e9e? Dans une perspective froidement utilitaire, cette sollicitude pour un b\u00eate animal n\u2019a aucun sens\u00a0! Or, maintenant, J\u00e9sus nous invite \u00e0 entrer dans une vie qui soit g\u00e9n\u00e9reuse et qui d\u00e9passe tous les calculs humains.<\/strong><\/p>\n","protected":false},"excerpt":{"rendered":"<p>Quel est votre avis\u00a0? Si un homme poss\u00e8de cent brebis et que l\u2019une d\u2019entre elles s\u2019\u00e9gare, ne va-t-il pas laisser les quatre-vingt-dix-neuf autres dans la montagne pour partir \u00e0 la recherche de la brebis \u00e9gar\u00e9e\u00a0? (Mt 18,12) &gt; Comment r\u00e9pondre \u00e0 cette question de J\u00e9sus\u00a0? Est-ce si normal d\u2019abandonner en pleine montagne tout un cheptel, qui a une valeur marchande consid\u00e9rable, pour chercher une simple brebis \u00e9gar\u00e9e? Dans une perspective froidement utilitaire, cette sollicitude pour un b\u00eate animal n\u2019a aucun sens\u00a0! Or, maintenant, J\u00e9sus nous invite \u00e0 entrer dans une vie qui soit g\u00e9n\u00e9reuse et qui d\u00e9passe tous les calculs humains.<\/p>\n","protected":false},"author":1,"featured_media":0,"comment_status":"open","ping_status":"open","sticky":false,"template":"","format":"standard","meta":{"footnotes":""},"categories":[147],"tags":[157,323,332,433],"class_list":["post-718","post","type-post","status-publish","format-standard","hentry","category-avent-2","tag-generosite","tag-invites-avent-2014","tag-logique-de-dieu","tag-matthieu"],"_links":{"self":[{"href":"https:\/\/levangilealecran.com\/index.php?rest_route=\/wp\/v2\/posts\/718","targetHints":{"allow":["GET"]}}],"collection":[{"href":"https:\/\/levangilealecran.com\/index.php?rest_route=\/wp\/v2\/posts"}],"about":[{"href":"https:\/\/levangilealecran.com\/index.php?rest_route=\/wp\/v2\/types\/post"}],"author":[{"embeddable":true,"href":"https:\/\/levangilealecran.com\/index.php?rest_route=\/wp\/v2\/users\/1"}],"replies":[{"embeddable":true,"href":"https:\/\/levangilealecran.com\/index.php?rest_route=%2Fwp%2Fv2%2Fcomments&post=718"}],"version-history":[{"count":1,"href":"https:\/\/levangilealecran.com\/index.php?rest_route=\/wp\/v2\/posts\/718\/revisions"}],"predecessor-version":[{"id":719,"href":"https:\/\/levangilealecran.com\/index.php?rest_route=\/wp\/v2\/posts\/718\/revisions\/719"}],"wp:attachment":[{"href":"https:\/\/levangilealecran.com\/index.php?rest_route=%2Fwp%2Fv2%2Fmedia&parent=718"}],"wp:term":[{"taxonomy":"category","embeddable":true,"href":"https:\/\/levangilealecran.com\/index.php?rest_route=%2Fwp%2Fv2%2Fcategories&post=718"},{"taxonomy":"post_tag","embeddable":true,"href":"https:\/\/levangilealecran.com\/index.php?rest_route=%2Fwp%2Fv2%2Ftags&post=718"}],"curies":[{"name":"wp","href":"https:\/\/api.w.org\/{rel}","templated":true}]}}