{"id":710,"date":"2014-12-05T07:00:17","date_gmt":"2014-12-05T06:00:17","guid":{"rendered":"http:\/\/levangilealecran.com?p=710"},"modified":"2014-12-02T10:48:57","modified_gmt":"2014-12-02T09:48:57","slug":"avent-2014-jour-6","status":"publish","type":"post","link":"https:\/\/levangilealecran.com\/?p=710","title":{"rendered":"Avent 2014 &#8211; Jour 6"},"content":{"rendered":"<p style=\"text-align: justify;\" align=\"LEFT\"><span style=\"font-size: medium;\">\u00ab\u00a0Tandis que J\u00e9sus s\u2019en allait, deux aveugles le suivirent\u2026 quand il fut entr\u00e9 dans la maison les aveugles s\u2019approch\u00e8rent\u2026\u00a0\u00bb (Mt 9,27a.28a)<\/span><\/p>\n<p style=\"text-align: justify;\"><strong>&gt; Et comment ont-ils donc fait, ces aveugles pour suivre J\u00e9sus et s\u2019approcher de lui \u00e0 l\u2019int\u00e9rieur de la maison\u00a0? Ont-ils \u00e9t\u00e9 accompagn\u00e9s par des guides\u00a0? Ou ont-ils simplement d\u00e9velopp\u00e9 ces aptitudes finement sensibles qui apprennent \u00e0 voir et comprendre l\u2019invisible\u00a0?<\/strong><\/p>\n<p style=\"text-align: justify;\"><strong>J\u00e9sus passe\u00a0; il m\u2019appelle \u00e0 le suivre \u00e0 l\u2019aveugle, ouvert de tous mes sens, \u00e0 l\u2019aff\u00fbt de ses traces, de sa parole, de la palpitation de ses fr\u00e8res et s\u0153urs qui deviennent les miens, du fr\u00e9tillement intime du silence. Il entre \u00e0 l\u2019int\u00e9rieur de la maison et m\u2019invite \u00e0 le suivre\u2026<\/strong><\/p>\n","protected":false},"excerpt":{"rendered":"<p>\u00ab\u00a0Tandis que J\u00e9sus s\u2019en allait, deux aveugles le suivirent\u2026 quand il fut entr\u00e9 dans la maison les aveugles s\u2019approch\u00e8rent\u2026\u00a0\u00bb (Mt 9,27a.28a) &gt; Et comment ont-ils donc fait, ces aveugles pour suivre J\u00e9sus et s\u2019approcher de lui \u00e0 l\u2019int\u00e9rieur de la maison\u00a0? Ont-ils \u00e9t\u00e9 accompagn\u00e9s par des guides\u00a0? Ou ont-ils simplement d\u00e9velopp\u00e9 ces aptitudes finement sensibles qui apprennent \u00e0 voir et comprendre l\u2019invisible\u00a0? J\u00e9sus passe\u00a0; il m\u2019appelle \u00e0 le suivre \u00e0 l\u2019aveugle, ouvert de tous mes sens, \u00e0 l\u2019aff\u00fbt de ses traces, de sa parole, de la palpitation de ses fr\u00e8res et s\u0153urs qui deviennent les miens, du fr\u00e9tillement intime du silence. Il entre \u00e0 l\u2019int\u00e9rieur de la maison et m\u2019invite \u2026 <a class=\"continue-reading-link\" href=\"https:\/\/levangilealecran.com\/?p=710\"> Continue reading <span class=\"meta-nav\">&rarr; <\/span><\/a><\/p>\n","protected":false},"author":1,"featured_media":0,"comment_status":"open","ping_status":"open","sticky":false,"template":"","format":"standard","meta":{"footnotes":""},"categories":[147],"tags":[328,323,433,232],"class_list":["post-710","post","type-post","status-publish","format-standard","hentry","category-avent-2","tag-guide","tag-invites-avent-2014","tag-matthieu","tag-suivre"],"_links":{"self":[{"href":"https:\/\/levangilealecran.com\/index.php?rest_route=\/wp\/v2\/posts\/710","targetHints":{"allow":["GET"]}}],"collection":[{"href":"https:\/\/levangilealecran.com\/index.php?rest_route=\/wp\/v2\/posts"}],"about":[{"href":"https:\/\/levangilealecran.com\/index.php?rest_route=\/wp\/v2\/types\/post"}],"author":[{"embeddable":true,"href":"https:\/\/levangilealecran.com\/index.php?rest_route=\/wp\/v2\/users\/1"}],"replies":[{"embeddable":true,"href":"https:\/\/levangilealecran.com\/index.php?rest_route=%2Fwp%2Fv2%2Fcomments&post=710"}],"version-history":[{"count":1,"href":"https:\/\/levangilealecran.com\/index.php?rest_route=\/wp\/v2\/posts\/710\/revisions"}],"predecessor-version":[{"id":711,"href":"https:\/\/levangilealecran.com\/index.php?rest_route=\/wp\/v2\/posts\/710\/revisions\/711"}],"wp:attachment":[{"href":"https:\/\/levangilealecran.com\/index.php?rest_route=%2Fwp%2Fv2%2Fmedia&parent=710"}],"wp:term":[{"taxonomy":"category","embeddable":true,"href":"https:\/\/levangilealecran.com\/index.php?rest_route=%2Fwp%2Fv2%2Fcategories&post=710"},{"taxonomy":"post_tag","embeddable":true,"href":"https:\/\/levangilealecran.com\/index.php?rest_route=%2Fwp%2Fv2%2Ftags&post=710"}],"curies":[{"name":"wp","href":"https:\/\/api.w.org\/{rel}","templated":true}]}}