{"id":708,"date":"2014-12-04T07:00:52","date_gmt":"2014-12-04T06:00:52","guid":{"rendered":"http:\/\/levangilealecran.com?p=708"},"modified":"2014-12-02T10:46:13","modified_gmt":"2014-12-02T09:46:13","slug":"avent-2014-jour-5","status":"publish","type":"post","link":"https:\/\/levangilealecran.com\/?p=708","title":{"rendered":"Avent 2014 &#8211; Jour 5"},"content":{"rendered":"<p lang=\"fr-CH\" style=\"text-align: justify;\" align=\"LEFT\"><span style=\"font-size: medium;\">\u00ab\u00a0Ce n&rsquo;est pas en me disant: &lsquo;Seigneur, Seigneur!&rsquo; qu&rsquo;on entrera dans le Royaume des Cieux, mais c&rsquo;est en faisant la volont\u00e9 de mon P\u00e8re qui est aux cieux\u00a0\u00bb (Mt 7,21)<\/span><\/p>\n<p style=\"text-align: justify;\"><strong><span style=\"font-size: medium;\"><span lang=\"fr-CH\">&gt; Faire la volont\u00e9 du P\u00e8re, oui! Mais comment la conna\u00eetre et ne pas confondre <\/span><\/span><span style=\"font-size: medium;\"><span lang=\"fr-CH\">notre<\/span><\/span> <span style=\"font-size: medium;\"><span lang=\"fr-CH\">volont\u00e9 avec la sienne?<\/span><\/span><\/strong><\/p>\n<p lang=\"fr-CH\" style=\"text-align: justify;\"><strong><span style=\"font-size: medium;\">Peut-\u00eatre en commen\u00e7ant par lui dire: \u00ab\u00a0P\u00e8re, Toi seul peux me montrer ce que tu attends de moi aujourd&rsquo;hui. Donne-moi de me mettre \u00e0 l&rsquo;\u00e9coute de ton d\u00e9sir aimant sur moi\u00a0\u00bb.<\/span><\/strong><\/p>\n","protected":false},"excerpt":{"rendered":"<p>\u00ab\u00a0Ce n&rsquo;est pas en me disant: &lsquo;Seigneur, Seigneur!&rsquo; qu&rsquo;on entrera dans le Royaume des Cieux, mais c&rsquo;est en faisant la volont\u00e9 de mon P\u00e8re qui est aux cieux\u00a0\u00bb (Mt 7,21) &gt; Faire la volont\u00e9 du P\u00e8re, oui! Mais comment la conna\u00eetre et ne pas confondre notre volont\u00e9 avec la sienne? Peut-\u00eatre en commen\u00e7ant par lui dire: \u00ab\u00a0P\u00e8re, Toi seul peux me montrer ce que tu attends de moi aujourd&rsquo;hui. Donne-moi de me mettre \u00e0 l&rsquo;\u00e9coute de ton d\u00e9sir aimant sur moi\u00a0\u00bb.<\/p>\n","protected":false},"author":1,"featured_media":0,"comment_status":"open","ping_status":"open","sticky":false,"template":"","format":"standard","meta":{"footnotes":""},"categories":[147],"tags":[60,323,433,272,307],"class_list":["post-708","post","type-post","status-publish","format-standard","hentry","category-avent-2","tag-ecoute","tag-invites-avent-2014","tag-matthieu","tag-pere","tag-volonte"],"_links":{"self":[{"href":"https:\/\/levangilealecran.com\/index.php?rest_route=\/wp\/v2\/posts\/708","targetHints":{"allow":["GET"]}}],"collection":[{"href":"https:\/\/levangilealecran.com\/index.php?rest_route=\/wp\/v2\/posts"}],"about":[{"href":"https:\/\/levangilealecran.com\/index.php?rest_route=\/wp\/v2\/types\/post"}],"author":[{"embeddable":true,"href":"https:\/\/levangilealecran.com\/index.php?rest_route=\/wp\/v2\/users\/1"}],"replies":[{"embeddable":true,"href":"https:\/\/levangilealecran.com\/index.php?rest_route=%2Fwp%2Fv2%2Fcomments&post=708"}],"version-history":[{"count":1,"href":"https:\/\/levangilealecran.com\/index.php?rest_route=\/wp\/v2\/posts\/708\/revisions"}],"predecessor-version":[{"id":709,"href":"https:\/\/levangilealecran.com\/index.php?rest_route=\/wp\/v2\/posts\/708\/revisions\/709"}],"wp:attachment":[{"href":"https:\/\/levangilealecran.com\/index.php?rest_route=%2Fwp%2Fv2%2Fmedia&parent=708"}],"wp:term":[{"taxonomy":"category","embeddable":true,"href":"https:\/\/levangilealecran.com\/index.php?rest_route=%2Fwp%2Fv2%2Fcategories&post=708"},{"taxonomy":"post_tag","embeddable":true,"href":"https:\/\/levangilealecran.com\/index.php?rest_route=%2Fwp%2Fv2%2Ftags&post=708"}],"curies":[{"name":"wp","href":"https:\/\/api.w.org\/{rel}","templated":true}]}}