{"id":702,"date":"2014-12-02T06:00:23","date_gmt":"2014-12-02T05:00:23","guid":{"rendered":"http:\/\/levangilealecran.com?p=702"},"modified":"2014-12-02T06:50:34","modified_gmt":"2014-12-02T05:50:34","slug":"avent-2014-jour-3","status":"publish","type":"post","link":"https:\/\/levangilealecran.com\/?p=702","title":{"rendered":"Avent 2014 &#8211; Jour 3"},"content":{"rendered":"<p style=\"text-align: justify;\" align=\"LEFT\"><span style=\"font-size: medium;\">J\u00e9sus, se tournant vers ses disciples leur dit en particulier\u00a0: \u00ab\u00a0Heureux les yeux qui voient ce que vous voyez\u00a0!\u00a0\u00bb \u00a0(Luc, 10, 23-24)<\/span><\/p>\n<p style=\"text-align: justify;\"><strong>&gt; Aventure pour la journ\u00e9e :<\/strong><br \/>\n<strong>Aujourd\u2019hui, cherchons avec force \u00e0 nourrir et sanctifier notre regard par le choix de regarder en premier le Bien, et \u00e0 nous d\u00e9charger des activit\u00e9s que nous vivons et qui brouillent notre regard sur l\u2019Autre et nous-m\u00eames. <\/strong><\/p>\n<p style=\"text-align: justify;\"><strong>Essayons d\u2019aller adorer durant cette semaine J\u00e9sus-Eucharistie, Il rend la vue\u00a0!<\/strong><\/p>\n","protected":false},"excerpt":{"rendered":"<p>J\u00e9sus, se tournant vers ses disciples leur dit en particulier\u00a0: \u00ab\u00a0Heureux les yeux qui voient ce que vous voyez\u00a0!\u00a0\u00bb \u00a0(Luc, 10, 23-24) &gt; Aventure pour la journ\u00e9e : Aujourd\u2019hui, cherchons avec force \u00e0 nourrir et sanctifier notre regard par le choix de regarder en premier le Bien, et \u00e0 nous d\u00e9charger des activit\u00e9s que nous vivons et qui brouillent notre regard sur l\u2019Autre et nous-m\u00eames. Essayons d\u2019aller adorer durant cette semaine J\u00e9sus-Eucharistie, Il rend la vue\u00a0!<\/p>\n","protected":false},"author":1,"featured_media":0,"comment_status":"open","ping_status":"open","sticky":false,"template":"","format":"standard","meta":{"footnotes":""},"categories":[147,6],"tags":[327,326,323,431,209],"class_list":["post-702","post","type-post","status-publish","format-standard","hentry","category-avent-2","category-luc","tag-bien","tag-eucharistie","tag-invites-avent-2014","tag-luc","tag-regard"],"_links":{"self":[{"href":"https:\/\/levangilealecran.com\/index.php?rest_route=\/wp\/v2\/posts\/702","targetHints":{"allow":["GET"]}}],"collection":[{"href":"https:\/\/levangilealecran.com\/index.php?rest_route=\/wp\/v2\/posts"}],"about":[{"href":"https:\/\/levangilealecran.com\/index.php?rest_route=\/wp\/v2\/types\/post"}],"author":[{"embeddable":true,"href":"https:\/\/levangilealecran.com\/index.php?rest_route=\/wp\/v2\/users\/1"}],"replies":[{"embeddable":true,"href":"https:\/\/levangilealecran.com\/index.php?rest_route=%2Fwp%2Fv2%2Fcomments&post=702"}],"version-history":[{"count":1,"href":"https:\/\/levangilealecran.com\/index.php?rest_route=\/wp\/v2\/posts\/702\/revisions"}],"predecessor-version":[{"id":703,"href":"https:\/\/levangilealecran.com\/index.php?rest_route=\/wp\/v2\/posts\/702\/revisions\/703"}],"wp:attachment":[{"href":"https:\/\/levangilealecran.com\/index.php?rest_route=%2Fwp%2Fv2%2Fmedia&parent=702"}],"wp:term":[{"taxonomy":"category","embeddable":true,"href":"https:\/\/levangilealecran.com\/index.php?rest_route=%2Fwp%2Fv2%2Fcategories&post=702"},{"taxonomy":"post_tag","embeddable":true,"href":"https:\/\/levangilealecran.com\/index.php?rest_route=%2Fwp%2Fv2%2Ftags&post=702"}],"curies":[{"name":"wp","href":"https:\/\/api.w.org\/{rel}","templated":true}]}}