{"id":695,"date":"2014-11-30T07:00:06","date_gmt":"2014-11-30T06:00:06","guid":{"rendered":"http:\/\/levangilealecran.com?p=695"},"modified":"2014-11-30T07:01:19","modified_gmt":"2014-11-30T06:01:19","slug":"avent-2014-jour-1","status":"publish","type":"post","link":"https:\/\/levangilealecran.com\/?p=695","title":{"rendered":"Avent 2014 &#8211; Jour 1"},"content":{"rendered":"<p style=\"text-align: justify;\">\u00ab\u00a0Ce que je vous dis l\u00e0, je le dis \u00e0 tous : veillez !\u00a0\u00bb (Mc 13,37)<\/p>\n<p style=\"text-align: justify;\"><strong>&gt; Veiller c\u2019est attendre quelqu&rsquo;un qu\u2019on aime.<\/strong><br \/>\n<strong>Veiller ce n\u2019est ni surveiller ni \u00e9pier ni prolonger ind\u00fbment sa journ\u00e9e.<\/strong><br \/>\n<strong>Veiller c\u2019est r\u00e9p\u00e9ter souvent : \u00ab\u00a0Viens, Seigneur J\u00e9sus\u00a0\u00bb.<\/strong><br \/>\n<strong>Veiller c\u2019est aussi s\u2019endormir en sachant que le c\u0153ur ne dort jamais\u00a0: \u00ab\u00a0Je dors, mais mon c\u0153ur veille\u2026\u00a0\u00bb Ct 5,2<\/strong><\/p>\n<p style=\"text-align: justify;\"><strong>Puissions-nous au cours de notre journ\u00e9e ne pas sur-veiller\u00a0mais veiller-sur les autres. <\/strong><br \/>\n<strong>Puissions-nous d\u00e9cider de veiller cinq minutes en silence, pour le Seigneur lui-m\u00eame.<\/strong><\/p>\n","protected":false},"excerpt":{"rendered":"<p>\u00ab\u00a0Ce que je vous dis l\u00e0, je le dis \u00e0 tous : veillez !\u00a0\u00bb (Mc 13,37) &gt; Veiller c\u2019est attendre quelqu&rsquo;un qu\u2019on aime. Veiller ce n\u2019est ni surveiller ni \u00e9pier ni prolonger ind\u00fbment sa journ\u00e9e. Veiller c\u2019est r\u00e9p\u00e9ter souvent : \u00ab\u00a0Viens, Seigneur J\u00e9sus\u00a0\u00bb. Veiller c\u2019est aussi s\u2019endormir en sachant que le c\u0153ur ne dort jamais\u00a0: \u00ab\u00a0Je dors, mais mon c\u0153ur veille\u2026\u00a0\u00bb Ct 5,2 Puissions-nous au cours de notre journ\u00e9e ne pas sur-veiller\u00a0mais veiller-sur les autres. Puissions-nous d\u00e9cider de veiller cinq minutes en silence, pour le Seigneur lui-m\u00eame.<\/p>\n","protected":false},"author":1,"featured_media":0,"comment_status":"open","ping_status":"open","sticky":false,"template":"","format":"standard","meta":{"footnotes":""},"categories":[147,7],"tags":[323,432,189,150,324],"class_list":["post-695","post","type-post","status-publish","format-standard","hentry","category-avent-2","category-marc","tag-invites-avent-2014","tag-marc","tag-silence","tag-veiller","tag-veiller-sur"],"_links":{"self":[{"href":"https:\/\/levangilealecran.com\/index.php?rest_route=\/wp\/v2\/posts\/695","targetHints":{"allow":["GET"]}}],"collection":[{"href":"https:\/\/levangilealecran.com\/index.php?rest_route=\/wp\/v2\/posts"}],"about":[{"href":"https:\/\/levangilealecran.com\/index.php?rest_route=\/wp\/v2\/types\/post"}],"author":[{"embeddable":true,"href":"https:\/\/levangilealecran.com\/index.php?rest_route=\/wp\/v2\/users\/1"}],"replies":[{"embeddable":true,"href":"https:\/\/levangilealecran.com\/index.php?rest_route=%2Fwp%2Fv2%2Fcomments&post=695"}],"version-history":[{"count":1,"href":"https:\/\/levangilealecran.com\/index.php?rest_route=\/wp\/v2\/posts\/695\/revisions"}],"predecessor-version":[{"id":696,"href":"https:\/\/levangilealecran.com\/index.php?rest_route=\/wp\/v2\/posts\/695\/revisions\/696"}],"wp:attachment":[{"href":"https:\/\/levangilealecran.com\/index.php?rest_route=%2Fwp%2Fv2%2Fmedia&parent=695"}],"wp:term":[{"taxonomy":"category","embeddable":true,"href":"https:\/\/levangilealecran.com\/index.php?rest_route=%2Fwp%2Fv2%2Fcategories&post=695"},{"taxonomy":"post_tag","embeddable":true,"href":"https:\/\/levangilealecran.com\/index.php?rest_route=%2Fwp%2Fv2%2Ftags&post=695"}],"curies":[{"name":"wp","href":"https:\/\/api.w.org\/{rel}","templated":true}]}}