{"id":675,"date":"2014-11-01T10:20:45","date_gmt":"2014-11-01T09:20:45","guid":{"rendered":"http:\/\/levangilealecran.com?p=675"},"modified":"2014-11-01T10:20:45","modified_gmt":"2014-11-01T09:20:45","slug":"commemoration-des-fideles-defunts-reformation","status":"publish","type":"post","link":"https:\/\/levangilealecran.com\/?p=675","title":{"rendered":"Comm\u00e9moration des fid\u00e8les d\u00e9funts &#8211; R\u00e9formation"},"content":{"rendered":"<p style=\"text-align: justify;\">J\u00e9sus disait aux Juifs : \u00ab Amen, amen, je vous le dis : celui qui \u00e9coute ma parole et croit au P\u00e8re qui m&rsquo;a envoy\u00e9, celui-l\u00e0 obtient la vie \u00e9ternelle et il \u00e9chappe au Jugement, car il est d\u00e9j\u00e0 pass\u00e9 de la mort \u00e0 la vie. Amen, amen, je vous le dis : l&rsquo;heure vient \u2014 et c&rsquo;est maintenant \u2014 o\u00f9 les morts vont entendre la voix du Fils de Dieu, et ceux qui l&rsquo;auront entendue vivront. \u00bb (Jn 5, 24-25)<\/p>\n<p><strong>&gt; En\u00a0ce dimanche o\u00f9 nous comm\u00e9morons les fid\u00e8les d\u00e9funts chez les catholiques et la r\u00e9formation chez les protestants, le texte du jour nous invite autant \u00e0 penser aux d\u00e9funts, aux saints, aux r\u00e9formateurs, en bref au pass\u00e9, qu\u2019\u00e0 notre pr\u00e9sent. \u00ab Voici l\u2019heure d\u2019entrer dans la vie \u00bb, dit le Christ. Autant pour ceux qui sont d\u00e9j\u00e0 d\u00e9c\u00e9d\u00e9s que pour nous-m\u00eames, le message d\u2019esp\u00e9rance de la vie plus forte que la mort est le m\u00eame : la r\u00e9surrection est pour chacun de nous. La condition ? Ecouter Sa parole et croire, placer sa confiance, au P\u00e8re qui L\u2019a envoy\u00e9. C\u2019est un \u00e9lan qui nous est demand\u00e9, pas une foi in\u00e9branlable \u00ab assurance tout risque \u00bb, mais un \u00e9lan de confiance envers Celui qui nous a donn\u00e9 la Vie.<\/strong><\/p>\n<p><strong>Cette semaine, essayons de vivre aussi cet \u00e9lan de confiance : mettons-nous \u00e0 l\u2019\u00e9coute de Sa parole et pla\u00e7ons notre confiance en le P\u00e8re qui L\u2019a envoy\u00e9 en essayant d\u2019\u00eatre attentifs aux signes de r\u00e9surrection pr\u00e9sents autour de nous. Car la r\u00e9surrection, ce n\u2019est pas seulement pour les autres, mais elle est \u00e0 vivre chaque jour, que ce soit individuellement et\/ou en Eglise. Si l\u2019Eglise est toujours \u00e0 r\u00e9former (semper reformanda), la r\u00e9surrection, elle, est toujours \u00e0 recevoir et \u00e0 vivre !<\/strong><\/p>\n<p>&nbsp;<\/p>\n","protected":false},"excerpt":{"rendered":"<p>J\u00e9sus disait aux Juifs : \u00ab Amen, amen, je vous le dis : celui qui \u00e9coute ma parole et croit au P\u00e8re qui m&rsquo;a envoy\u00e9, celui-l\u00e0 obtient la vie \u00e9ternelle et il \u00e9chappe au Jugement, car il est d\u00e9j\u00e0 pass\u00e9 de la mort \u00e0 la vie. Amen, amen, je vous le dis : l&rsquo;heure vient \u2014 et c&rsquo;est maintenant \u2014 o\u00f9 les morts vont entendre la voix du Fils de Dieu, et ceux qui l&rsquo;auront entendue vivront. \u00bb (Jn 5, 24-25) &gt; En\u00a0ce dimanche o\u00f9 nous comm\u00e9morons les fid\u00e8les d\u00e9funts chez les catholiques et la r\u00e9formation chez les protestants, le texte du jour nous invite autant \u00e0 penser aux d\u00e9funts, \u2026 <a class=\"continue-reading-link\" href=\"https:\/\/levangilealecran.com\/?p=675\"> Continue reading <span class=\"meta-nav\">&rarr; <\/span><\/a><\/p>\n","protected":false},"author":1,"featured_media":0,"comment_status":"open","ping_status":"open","sticky":false,"template":"","format":"standard","meta":{"footnotes":""},"categories":[24,5],"tags":[26,314,430,315,55],"class_list":["post-675","post","type-post","status-publish","format-standard","hentry","category-fetes","category-jean","tag-confiance","tag-defunts","tag-jean","tag-reformation","tag-resurrection"],"_links":{"self":[{"href":"https:\/\/levangilealecran.com\/index.php?rest_route=\/wp\/v2\/posts\/675","targetHints":{"allow":["GET"]}}],"collection":[{"href":"https:\/\/levangilealecran.com\/index.php?rest_route=\/wp\/v2\/posts"}],"about":[{"href":"https:\/\/levangilealecran.com\/index.php?rest_route=\/wp\/v2\/types\/post"}],"author":[{"embeddable":true,"href":"https:\/\/levangilealecran.com\/index.php?rest_route=\/wp\/v2\/users\/1"}],"replies":[{"embeddable":true,"href":"https:\/\/levangilealecran.com\/index.php?rest_route=%2Fwp%2Fv2%2Fcomments&post=675"}],"version-history":[{"count":1,"href":"https:\/\/levangilealecran.com\/index.php?rest_route=\/wp\/v2\/posts\/675\/revisions"}],"predecessor-version":[{"id":676,"href":"https:\/\/levangilealecran.com\/index.php?rest_route=\/wp\/v2\/posts\/675\/revisions\/676"}],"wp:attachment":[{"href":"https:\/\/levangilealecran.com\/index.php?rest_route=%2Fwp%2Fv2%2Fmedia&parent=675"}],"wp:term":[{"taxonomy":"category","embeddable":true,"href":"https:\/\/levangilealecran.com\/index.php?rest_route=%2Fwp%2Fv2%2Fcategories&post=675"},{"taxonomy":"post_tag","embeddable":true,"href":"https:\/\/levangilealecran.com\/index.php?rest_route=%2Fwp%2Fv2%2Ftags&post=675"}],"curies":[{"name":"wp","href":"https:\/\/api.w.org\/{rel}","templated":true}]}}