{"id":665,"date":"2014-10-17T09:02:32","date_gmt":"2014-10-17T07:02:32","guid":{"rendered":"http:\/\/levangilealecran.com?p=665"},"modified":"2014-10-17T09:02:32","modified_gmt":"2014-10-17T07:02:32","slug":"29e-dimanche-a","status":"publish","type":"post","link":"https:\/\/levangilealecran.com\/?p=665","title":{"rendered":"29e dimanche &#8211; A"},"content":{"rendered":"<p style=\"text-align: justify;\">Alors J\u00e9sus leur dit: \u00a0\u00bb Rendez donc \u00e0 C\u00e9sar ce qui est \u00e0 C\u00e9sar, et \u00e0 Dieu ce qui est \u00e0 Dieu. \u00a0\u00bb (Mt 22, 21)<\/p>\n<p style=\"text-align: justify;\">Cette c\u00e9l\u00e8bre parole de J\u00e9sus est devenue une expression si habituelle qu&rsquo;on oublie souvent d&rsquo;o\u00f9 elle vient. C&rsquo;est en effet une r\u00e9ponse que J\u00e9sus donne aux pharisiens qui essaient de le pi\u00e9ger en lui demandant s&rsquo;il faut payer ou non l&rsquo;imp\u00f4t \u00e0 l&#8217;empereur. Par cette r\u00e9ponse, J\u00e9sus nous rappelle \u00e0 chacun notre responsabilit\u00e9 d&rsquo;homme. \u00catre croyant ne nous lib\u00e8re pas de r\u00e9fl\u00e9chir, de nous questionner, de rechercher la v\u00e9rit\u00e9, de travailler \u00e0 \u00e9clairer notre conscience. Il ne suffit pas de dire que nous agissons au nom de Dieu pour nous d\u00e9charger de toute responsabilit\u00e9. J\u00e9sus nous invite ainsi \u00e0 suivre son exemple, \u00e0 \u00eatre toujours vrai, \u00e0 ne pas faire de diff\u00e9rence entre les gens, \u00e0 ne pas se laisser influencer, pour \u00eatre sur le vrai chemin de Dieu (cf. v. 22, 16).<\/p>\n<p style=\"text-align: justify;\"><strong>&gt; Essayons cette semaine de demander \u00e0 J\u00e9sus ce discernement, de lui demander de nous aider \u00e0 grandir sur ce chemin de Dieu, chemin de libert\u00e9 et donc de responsabilit\u00e9. <\/strong><\/p>\n","protected":false},"excerpt":{"rendered":"<p>Alors J\u00e9sus leur dit: \u00a0\u00bb Rendez donc \u00e0 C\u00e9sar ce qui est \u00e0 C\u00e9sar, et \u00e0 Dieu ce qui est \u00e0 Dieu. \u00a0\u00bb (Mt 22, 21) Cette c\u00e9l\u00e8bre parole de J\u00e9sus est devenue une expression si habituelle qu&rsquo;on oublie souvent d&rsquo;o\u00f9 elle vient. C&rsquo;est en effet une r\u00e9ponse que J\u00e9sus donne aux pharisiens qui essaient de le pi\u00e9ger en lui demandant s&rsquo;il faut payer ou non l&rsquo;imp\u00f4t \u00e0 l&#8217;empereur. Par cette r\u00e9ponse, J\u00e9sus nous rappelle \u00e0 chacun notre responsabilit\u00e9 d&rsquo;homme. \u00catre croyant ne nous lib\u00e8re pas de r\u00e9fl\u00e9chir, de nous questionner, de rechercher la v\u00e9rit\u00e9, de travailler \u00e0 \u00e9clairer notre conscience. Il ne suffit pas de dire que nous agissons \u2026 <a class=\"continue-reading-link\" href=\"https:\/\/levangilealecran.com\/?p=665\"> Continue reading <span class=\"meta-nav\">&rarr; <\/span><\/a><\/p>\n","protected":false},"author":1,"featured_media":0,"comment_status":"open","ping_status":"open","sticky":false,"template":"","format":"standard","meta":{"footnotes":""},"categories":[4,8],"tags":[312],"class_list":["post-665","post","type-post","status-publish","format-standard","hentry","category-dimanche","category-matthieu","tag-discernement-liberte-responsabilite"],"_links":{"self":[{"href":"https:\/\/levangilealecran.com\/index.php?rest_route=\/wp\/v2\/posts\/665","targetHints":{"allow":["GET"]}}],"collection":[{"href":"https:\/\/levangilealecran.com\/index.php?rest_route=\/wp\/v2\/posts"}],"about":[{"href":"https:\/\/levangilealecran.com\/index.php?rest_route=\/wp\/v2\/types\/post"}],"author":[{"embeddable":true,"href":"https:\/\/levangilealecran.com\/index.php?rest_route=\/wp\/v2\/users\/1"}],"replies":[{"embeddable":true,"href":"https:\/\/levangilealecran.com\/index.php?rest_route=%2Fwp%2Fv2%2Fcomments&post=665"}],"version-history":[{"count":2,"href":"https:\/\/levangilealecran.com\/index.php?rest_route=\/wp\/v2\/posts\/665\/revisions"}],"predecessor-version":[{"id":667,"href":"https:\/\/levangilealecran.com\/index.php?rest_route=\/wp\/v2\/posts\/665\/revisions\/667"}],"wp:attachment":[{"href":"https:\/\/levangilealecran.com\/index.php?rest_route=%2Fwp%2Fv2%2Fmedia&parent=665"}],"wp:term":[{"taxonomy":"category","embeddable":true,"href":"https:\/\/levangilealecran.com\/index.php?rest_route=%2Fwp%2Fv2%2Fcategories&post=665"},{"taxonomy":"post_tag","embeddable":true,"href":"https:\/\/levangilealecran.com\/index.php?rest_route=%2Fwp%2Fv2%2Ftags&post=665"}],"curies":[{"name":"wp","href":"https:\/\/api.w.org\/{rel}","templated":true}]}}