{"id":656,"date":"2014-09-26T10:50:41","date_gmt":"2014-09-26T08:50:41","guid":{"rendered":"http:\/\/levangilealecran.com?p=656"},"modified":"2014-09-26T10:50:41","modified_gmt":"2014-09-26T08:50:41","slug":"26e-dimanche-a","status":"publish","type":"post","link":"https:\/\/levangilealecran.com\/?p=656","title":{"rendered":"26e dimanche &#8211; A"},"content":{"rendered":"<p style=\"text-align: justify;\">J\u00e9sus disait aux chefs des pr\u00eatres et aux anciens : \u00ab Que pensez-vous de ceci ? Un homme avait deux fils. Il vint trouver le premier et lui dit : &lsquo;Mon enfant, va travailler aujourd&rsquo;hui \u00e0 ma vigne.&rsquo; Celui-ci r\u00e9pondit : &lsquo;Je ne veux pas.&rsquo; Mais ensuite, s&rsquo;\u00e9tant repenti, il y alla. Abordant le second, le p\u00e8re lui dit la m\u00eame chose. Celui-ci r\u00e9pondit : &lsquo;Oui, Seigneur !&rsquo; et il n&rsquo;y alla pas. Lequel des deux a fait la volont\u00e9 du p\u00e8re ? \u00bb (Mt 21, 28-30)<\/p>\n<p style=\"text-align: justify;\"><strong>&gt; R\u00e9pondant aux piques des grands pr\u00eatres et des anciens par cette \u00e9trange parabole, J\u00e9sus vient nous interpeller, nous aussi, par l\u2019attitude des deux fils. A l\u2019ordre donn\u00e9 par le p\u00e8re, le premier refuse d\u2019abord d\u2019ob\u00e9ir puis change d\u2019avis, \u00ab pris de remords \u00bb et s\u2019en va, prenant son propre chemin en y allant (litt\u00e9ralement \u00ab il s\u2019\u00e9loigna \u00bb v.19). Le second fils, \u00e0 l\u2019inverse, semble d\u2019abord suivre l\u2019ordre de son p\u00e8re, mais, divis\u00e9 int\u00e9rieurement (le \u00ab Oui Seigneur ! \u00bb du v. 30 pourrait aussi \u00eatre traduit par une interrogation \u00ab moi Seigneur ? \u00bb), il n\u2019y va finalement pas.<\/strong><\/p>\n<p style=\"text-align: justify;\"><strong>Cette semaine, nous sommes invit\u00e9s \u00e0 r\u00e9fl\u00e9chir \u00e0 cette volont\u00e9 du P\u00e8re exprim\u00e9e dans sa Parole et \u00e0 notre\u00a0r\u00e9ponse \u00e0 celle-ci. Qu\u2019est-ce que cela signifie pour nous\u00a0\u00ab aller travailler \u00e0 sa vigne \u00bb ?<\/strong><\/p>\n<p style=\"text-align: justify;\"><strong>\u00ab Que ton OUI soit OUI et ton NON soit NON \u00bb, dit J\u00e9sus ailleurs dans l\u2019Evangile de Saint Matthieu (5,37). Pourtant bien souvent, dans nos vies, nous sommes divis\u00e9s, comme ces fils. P\u2019t\u00eatre ben qu\u2019oui, p\u2019t\u00eatre ben qu\u2019non, dirait un Normand. Alors, si nous\u00a0prenions le temps cette semaine de penser \u00e0 une d\u00e9cision, un choix \u00e0 prendre, pour y discerner la volont\u00e9 du P\u00e8re et oser dire fermement OUI ou NON, sachant que le chemin au P\u00e8re n\u2019est jamais barr\u00e9 \u00e0 celui qui croit et qui se repentit\u2026<\/strong><\/p>\n","protected":false},"excerpt":{"rendered":"<p>J\u00e9sus disait aux chefs des pr\u00eatres et aux anciens : \u00ab Que pensez-vous de ceci ? Un homme avait deux fils. Il vint trouver le premier et lui dit : &lsquo;Mon enfant, va travailler aujourd&rsquo;hui \u00e0 ma vigne.&rsquo; Celui-ci r\u00e9pondit : &lsquo;Je ne veux pas.&rsquo; Mais ensuite, s&rsquo;\u00e9tant repenti, il y alla. Abordant le second, le p\u00e8re lui dit la m\u00eame chose. Celui-ci r\u00e9pondit : &lsquo;Oui, Seigneur !&rsquo; et il n&rsquo;y alla pas. Lequel des deux a fait la volont\u00e9 du p\u00e8re ? \u00bb (Mt 21, 28-30) &gt; R\u00e9pondant aux piques des grands pr\u00eatres et des anciens par cette \u00e9trange parabole, J\u00e9sus vient nous interpeller, nous aussi, par l\u2019attitude des \u2026 <a class=\"continue-reading-link\" href=\"https:\/\/levangilealecran.com\/?p=656\"> Continue reading <span class=\"meta-nav\">&rarr; <\/span><\/a><\/p>\n","protected":false},"author":1,"featured_media":0,"comment_status":"open","ping_status":"open","sticky":false,"template":"","format":"standard","meta":{"footnotes":""},"categories":[4,8],"tags":[305,308,306,433,144,307],"class_list":["post-656","post","type-post","status-publish","format-standard","hentry","category-dimanche","category-matthieu","tag-choix","tag-deux-fils","tag-disecrnement","tag-matthieu","tag-oui","tag-volonte"],"_links":{"self":[{"href":"https:\/\/levangilealecran.com\/index.php?rest_route=\/wp\/v2\/posts\/656","targetHints":{"allow":["GET"]}}],"collection":[{"href":"https:\/\/levangilealecran.com\/index.php?rest_route=\/wp\/v2\/posts"}],"about":[{"href":"https:\/\/levangilealecran.com\/index.php?rest_route=\/wp\/v2\/types\/post"}],"author":[{"embeddable":true,"href":"https:\/\/levangilealecran.com\/index.php?rest_route=\/wp\/v2\/users\/1"}],"replies":[{"embeddable":true,"href":"https:\/\/levangilealecran.com\/index.php?rest_route=%2Fwp%2Fv2%2Fcomments&post=656"}],"version-history":[{"count":1,"href":"https:\/\/levangilealecran.com\/index.php?rest_route=\/wp\/v2\/posts\/656\/revisions"}],"predecessor-version":[{"id":657,"href":"https:\/\/levangilealecran.com\/index.php?rest_route=\/wp\/v2\/posts\/656\/revisions\/657"}],"wp:attachment":[{"href":"https:\/\/levangilealecran.com\/index.php?rest_route=%2Fwp%2Fv2%2Fmedia&parent=656"}],"wp:term":[{"taxonomy":"category","embeddable":true,"href":"https:\/\/levangilealecran.com\/index.php?rest_route=%2Fwp%2Fv2%2Fcategories&post=656"},{"taxonomy":"post_tag","embeddable":true,"href":"https:\/\/levangilealecran.com\/index.php?rest_route=%2Fwp%2Fv2%2Ftags&post=656"}],"curies":[{"name":"wp","href":"https:\/\/api.w.org\/{rel}","templated":true}]}}