{"id":653,"date":"2014-09-19T15:19:50","date_gmt":"2014-09-19T13:19:50","guid":{"rendered":"http:\/\/levangilealecran.com?p=653"},"modified":"2014-09-19T15:19:50","modified_gmt":"2014-09-19T13:19:50","slug":"25e-dimanche-a","status":"publish","type":"post","link":"https:\/\/levangilealecran.com\/?p=653","title":{"rendered":"25e dimanche &#8211; A"},"content":{"rendered":"<p style=\"text-align: justify;\">\u00ab Je veux donner au dernier venu autant qu\u2019\u00e0 toi : n\u2019ai-je pas le droit de faire ce que je veux de mes biens ? \u00bb Mt 20, 14-15<\/p>\n<p style=\"text-align: justify;\"><strong>&gt; La justice de Dieu n\u2019a rien \u00e0 voir avec la justice des hommes. Elle explose tous nos syst\u00e8mes et pourtant elle existe bien cette justice divine : il a bien fallu que J\u00e9sus meure sur la croix en r\u00e9mission de nos p\u00e9ch\u00e9s. Mais justement cette justice a quelque chose de scandaleux \u00e0 nos pauvres yeux d\u2019hommes, habitu\u00e9s \u00e0 une r\u00e9tribution en fonction du m\u00e9rite. Et pourtant, qui pourrait se targuer de m\u00e9riter ce don absolu de Dieu ? Qui pourrait se vanter d\u2019\u00eatre \u00e0 la hauteur de l\u2019amour que Dieu donne ?<\/strong><\/p>\n<p style=\"text-align: justify;\"><strong>Ouvrir nos yeux et notre c\u0153ur \u00e0 cette justice divine si extraordinaire, voil\u00e0 ce qu\u2019on pourrait apprendre cette semaine\u2026 R\u00e9ajuster nos grands id\u00e9aux de justice aux\u00a0piliers\u00a0de la\u00a0justice divine : don de soi et mis\u00e9ricorde !<\/strong><\/p>\n","protected":false},"excerpt":{"rendered":"<p>\u00ab Je veux donner au dernier venu autant qu\u2019\u00e0 toi : n\u2019ai-je pas le droit de faire ce que je veux de mes biens ? \u00bb Mt 20, 14-15 &gt; La justice de Dieu n\u2019a rien \u00e0 voir avec la justice des hommes. Elle explose tous nos syst\u00e8mes et pourtant elle existe bien cette justice divine : il a bien fallu que J\u00e9sus meure sur la croix en r\u00e9mission de nos p\u00e9ch\u00e9s. Mais justement cette justice a quelque chose de scandaleux \u00e0 nos pauvres yeux d\u2019hommes, habitu\u00e9s \u00e0 une r\u00e9tribution en fonction du m\u00e9rite. Et pourtant, qui pourrait se targuer de m\u00e9riter ce don absolu de Dieu ? Qui pourrait \u2026 <a class=\"continue-reading-link\" href=\"https:\/\/levangilealecran.com\/?p=653\"> Continue reading <span class=\"meta-nav\">&rarr; <\/span><\/a><\/p>\n","protected":false},"author":1,"featured_media":0,"comment_status":"open","ping_status":"open","sticky":false,"template":"","format":"standard","meta":{"footnotes":""},"categories":[4,8],"tags":[16,134,433,304,303],"class_list":["post-653","post","type-post","status-publish","format-standard","hentry","category-dimanche","category-matthieu","tag-amour","tag-justice","tag-matthieu","tag-merite","tag-retribution"],"_links":{"self":[{"href":"https:\/\/levangilealecran.com\/index.php?rest_route=\/wp\/v2\/posts\/653","targetHints":{"allow":["GET"]}}],"collection":[{"href":"https:\/\/levangilealecran.com\/index.php?rest_route=\/wp\/v2\/posts"}],"about":[{"href":"https:\/\/levangilealecran.com\/index.php?rest_route=\/wp\/v2\/types\/post"}],"author":[{"embeddable":true,"href":"https:\/\/levangilealecran.com\/index.php?rest_route=\/wp\/v2\/users\/1"}],"replies":[{"embeddable":true,"href":"https:\/\/levangilealecran.com\/index.php?rest_route=%2Fwp%2Fv2%2Fcomments&post=653"}],"version-history":[{"count":1,"href":"https:\/\/levangilealecran.com\/index.php?rest_route=\/wp\/v2\/posts\/653\/revisions"}],"predecessor-version":[{"id":654,"href":"https:\/\/levangilealecran.com\/index.php?rest_route=\/wp\/v2\/posts\/653\/revisions\/654"}],"wp:attachment":[{"href":"https:\/\/levangilealecran.com\/index.php?rest_route=%2Fwp%2Fv2%2Fmedia&parent=653"}],"wp:term":[{"taxonomy":"category","embeddable":true,"href":"https:\/\/levangilealecran.com\/index.php?rest_route=%2Fwp%2Fv2%2Fcategories&post=653"},{"taxonomy":"post_tag","embeddable":true,"href":"https:\/\/levangilealecran.com\/index.php?rest_route=%2Fwp%2Fv2%2Ftags&post=653"}],"curies":[{"name":"wp","href":"https:\/\/api.w.org\/{rel}","templated":true}]}}