{"id":651,"date":"2014-09-12T23:10:07","date_gmt":"2014-09-12T21:10:07","guid":{"rendered":"http:\/\/levangilealecran.com?p=651"},"modified":"2014-09-12T23:10:07","modified_gmt":"2014-09-12T21:10:07","slug":"24e-dimanche-a","status":"publish","type":"post","link":"https:\/\/levangilealecran.com\/?p=651","title":{"rendered":"24e dimanche &#8211; A"},"content":{"rendered":"<p style=\"text-align: justify;\">\u00ab\u00a0Et comme Mo\u00efse a \u00e9lev\u00e9 le serpent dans le d\u00e9sert, il faut que le Fils de l&rsquo;homme soit \u00e9lev\u00e9 afin que quiconque croit ait, en lui, la vie \u00e9ternelle. Dieu, en effet, a tant aim\u00e9 le monde qu&rsquo;il a donn\u00e9 son Fils, son unique, pour que tout homme qui croit en lui ne p\u00e9risse pas mais ait la vie \u00e9ternelle.\u00a0\u00bb (Jn 3, 14-16)<\/p>\n<p style=\"text-align: justify;\"><strong>&gt; Dans l&rsquo;\u00e9pisode avec Mo\u00efse dont il est question ici, ceux qui \u00e9taient mordus par un serpent \u00e9taient sauv\u00e9s s&rsquo;ils levaient leur regard vers le serpent de bronze \u00e9lev\u00e9 sur le m\u00e2t. De m\u00eame Jean nous invite dans ce passage \u00e0 lever notre regard vers le Fils de l&rsquo;homme. Mais pour voir quoi? Une mort atroce pour apaiser la col\u00e8re de Dieu? Non, c&rsquo;est tout le contraire, puisque la croix est le lieu o\u00f9 se d\u00e9voile l&rsquo;amour de Dieu.<\/strong><\/p>\n<p style=\"text-align: justify;\"><strong>Nous sommes\u00a0invit\u00e9s\u00a0cette semaine \u00e0 lever r\u00e9guli\u00e8rement notre\u00a0regard, pour contempler l&rsquo;amour de Dieu, que ce soit dans la cr\u00e9ation, dans le visage de l&rsquo;autre, etc. Lever notre\u00a0regard vers le Fils de l&rsquo;homme pour sortir de nos soucis quotidiens et voir le cadeau de la vie que nous\u00a0fait Dieu.<\/strong><\/p>\n","protected":false},"excerpt":{"rendered":"<p>\u00ab\u00a0Et comme Mo\u00efse a \u00e9lev\u00e9 le serpent dans le d\u00e9sert, il faut que le Fils de l&rsquo;homme soit \u00e9lev\u00e9 afin que quiconque croit ait, en lui, la vie \u00e9ternelle. Dieu, en effet, a tant aim\u00e9 le monde qu&rsquo;il a donn\u00e9 son Fils, son unique, pour que tout homme qui croit en lui ne p\u00e9risse pas mais ait la vie \u00e9ternelle.\u00a0\u00bb (Jn 3, 14-16) &gt; Dans l&rsquo;\u00e9pisode avec Mo\u00efse dont il est question ici, ceux qui \u00e9taient mordus par un serpent \u00e9taient sauv\u00e9s s&rsquo;ils levaient leur regard vers le serpent de bronze \u00e9lev\u00e9 sur le m\u00e2t. De m\u00eame Jean nous invite dans ce passage \u00e0 lever notre regard vers le Fils \u2026 <a class=\"continue-reading-link\" href=\"https:\/\/levangilealecran.com\/?p=651\"> Continue reading <span class=\"meta-nav\">&rarr; <\/span><\/a><\/p>\n","protected":false},"author":1,"featured_media":0,"comment_status":"open","ping_status":"open","sticky":false,"template":"","format":"standard","meta":{"footnotes":""},"categories":[4,5],"tags":[16,68,301,430,209,302],"class_list":["post-651","post","type-post","status-publish","format-standard","hentry","category-dimanche","category-jean","tag-amour","tag-croix","tag-croix-glorieuse","tag-jean","tag-regard","tag-serpent"],"_links":{"self":[{"href":"https:\/\/levangilealecran.com\/index.php?rest_route=\/wp\/v2\/posts\/651","targetHints":{"allow":["GET"]}}],"collection":[{"href":"https:\/\/levangilealecran.com\/index.php?rest_route=\/wp\/v2\/posts"}],"about":[{"href":"https:\/\/levangilealecran.com\/index.php?rest_route=\/wp\/v2\/types\/post"}],"author":[{"embeddable":true,"href":"https:\/\/levangilealecran.com\/index.php?rest_route=\/wp\/v2\/users\/1"}],"replies":[{"embeddable":true,"href":"https:\/\/levangilealecran.com\/index.php?rest_route=%2Fwp%2Fv2%2Fcomments&post=651"}],"version-history":[{"count":1,"href":"https:\/\/levangilealecran.com\/index.php?rest_route=\/wp\/v2\/posts\/651\/revisions"}],"predecessor-version":[{"id":652,"href":"https:\/\/levangilealecran.com\/index.php?rest_route=\/wp\/v2\/posts\/651\/revisions\/652"}],"wp:attachment":[{"href":"https:\/\/levangilealecran.com\/index.php?rest_route=%2Fwp%2Fv2%2Fmedia&parent=651"}],"wp:term":[{"taxonomy":"category","embeddable":true,"href":"https:\/\/levangilealecran.com\/index.php?rest_route=%2Fwp%2Fv2%2Fcategories&post=651"},{"taxonomy":"post_tag","embeddable":true,"href":"https:\/\/levangilealecran.com\/index.php?rest_route=%2Fwp%2Fv2%2Ftags&post=651"}],"curies":[{"name":"wp","href":"https:\/\/api.w.org\/{rel}","templated":true}]}}