{"id":645,"date":"2014-08-29T16:15:13","date_gmt":"2014-08-29T14:15:13","guid":{"rendered":"http:\/\/levangilealecran.com?p=645"},"modified":"2014-08-29T16:15:13","modified_gmt":"2014-08-29T14:15:13","slug":"22e-dimanche-a","status":"publish","type":"post","link":"https:\/\/levangilealecran.com\/?p=645","title":{"rendered":"22e dimanche &#8211; A"},"content":{"rendered":"<p style=\"text-align: justify;\">A partir de ce moment, J\u00e9sus Christ commen\u00e7a \u00e0 montrer \u00e0 ses disciples qu&rsquo;il lui fallait s&rsquo;en aller \u00e0 J\u00e9rusalem, souffrir beaucoup de la part des anciens, des grands pr\u00eatres et des scribes, \u00eatre mis \u00e0 mort et, le troisi\u00e8me jour, ressusciter. Pierre, le tirant \u00e0 part, se mit \u00e0 le r\u00e9primander, en disant: \u00a0\u00bb Dieu t&rsquo;en pr\u00e9serve, Seigneur! Non, cela ne t&rsquo;arrivera pas! \u00a0\u00bb (Mt 16, 21-22)<\/p>\n<p style=\"text-align: justify;\">\n<strong>&gt; Peu avant ce passage, Pierre d\u00e9clare que J\u00e9sus est Messie et Fils de Dieu (Mt 16,16). Il a bien s\u00fbr tout juste, mais par contre il a une image bien fig\u00e9e, celle de la majorit\u00e9 de ses contemporains, sur ce que devrait \u00eatre le Messie: un lib\u00e9rateur du genre chef des arm\u00e9es qui va les d\u00e9livrer des Romains, un genre de super-h\u00e9ros en quelque sorte\u2026 en tout cas pas un Dieu qui souffre, par un Dieu qui va vivre la passion comme l&rsquo;annonce J\u00e9sus en Mt 16,21.<\/strong><\/p>\n<p style=\"text-align: justify;\">\n<strong>Nous nous faisons souvent, comme Pierre, une image plus ou moins fig\u00e9e de Dieu. Il est bon de rester \u00e0 l&rsquo;\u00e9couter de ce Dieu insaisissable pour ne pas le r\u00e9duire \u00e0 l&rsquo;image que nous nous en faisons. Il nous est\u00a0propos\u00e9 ainsi cette semaine de prendre le temps de discuter avec quelqu&rsquo;un de nos images respectives de Dieu et de se laisser interpeller par les diff\u00e9rences entre notre\u00a0image de Dieu et celle de notre\u00a0interlocuteur.<\/strong><\/p>\n","protected":false},"excerpt":{"rendered":"<p>A partir de ce moment, J\u00e9sus Christ commen\u00e7a \u00e0 montrer \u00e0 ses disciples qu&rsquo;il lui fallait s&rsquo;en aller \u00e0 J\u00e9rusalem, souffrir beaucoup de la part des anciens, des grands pr\u00eatres et des scribes, \u00eatre mis \u00e0 mort et, le troisi\u00e8me jour, ressusciter. Pierre, le tirant \u00e0 part, se mit \u00e0 le r\u00e9primander, en disant: \u00a0\u00bb Dieu t&rsquo;en pr\u00e9serve, Seigneur! Non, cela ne t&rsquo;arrivera pas! \u00a0\u00bb (Mt 16, 21-22) &gt; Peu avant ce passage, Pierre d\u00e9clare que J\u00e9sus est Messie et Fils de Dieu (Mt 16,16). Il a bien s\u00fbr tout juste, mais par contre il a une image bien fig\u00e9e, celle de la majorit\u00e9 de ses contemporains, sur ce que \u2026 <a class=\"continue-reading-link\" href=\"https:\/\/levangilealecran.com\/?p=645\"> Continue reading <span class=\"meta-nav\">&rarr; <\/span><\/a><\/p>\n","protected":false},"author":1,"featured_media":0,"comment_status":"open","ping_status":"open","sticky":false,"template":"","format":"standard","meta":{"footnotes":""},"categories":[4,8],"tags":[62,297,298,433,278,13],"class_list":["post-645","post","type-post","status-publish","format-standard","hentry","category-dimanche","category-matthieu","tag-dieu","tag-image-de-dieu","tag-inattendu","tag-matthieu","tag-pierre","tag-sauveur"],"_links":{"self":[{"href":"https:\/\/levangilealecran.com\/index.php?rest_route=\/wp\/v2\/posts\/645","targetHints":{"allow":["GET"]}}],"collection":[{"href":"https:\/\/levangilealecran.com\/index.php?rest_route=\/wp\/v2\/posts"}],"about":[{"href":"https:\/\/levangilealecran.com\/index.php?rest_route=\/wp\/v2\/types\/post"}],"author":[{"embeddable":true,"href":"https:\/\/levangilealecran.com\/index.php?rest_route=\/wp\/v2\/users\/1"}],"replies":[{"embeddable":true,"href":"https:\/\/levangilealecran.com\/index.php?rest_route=%2Fwp%2Fv2%2Fcomments&post=645"}],"version-history":[{"count":1,"href":"https:\/\/levangilealecran.com\/index.php?rest_route=\/wp\/v2\/posts\/645\/revisions"}],"predecessor-version":[{"id":646,"href":"https:\/\/levangilealecran.com\/index.php?rest_route=\/wp\/v2\/posts\/645\/revisions\/646"}],"wp:attachment":[{"href":"https:\/\/levangilealecran.com\/index.php?rest_route=%2Fwp%2Fv2%2Fmedia&parent=645"}],"wp:term":[{"taxonomy":"category","embeddable":true,"href":"https:\/\/levangilealecran.com\/index.php?rest_route=%2Fwp%2Fv2%2Fcategories&post=645"},{"taxonomy":"post_tag","embeddable":true,"href":"https:\/\/levangilealecran.com\/index.php?rest_route=%2Fwp%2Fv2%2Ftags&post=645"}],"curies":[{"name":"wp","href":"https:\/\/api.w.org\/{rel}","templated":true}]}}