{"id":642,"date":"2014-08-22T21:46:39","date_gmt":"2014-08-22T19:46:39","guid":{"rendered":"http:\/\/levangilealecran.com?p=642"},"modified":"2014-08-22T21:46:39","modified_gmt":"2014-08-22T19:46:39","slug":"21e-dimanche-a","status":"publish","type":"post","link":"https:\/\/levangilealecran.com\/?p=642","title":{"rendered":"21e dimanche &#8211; A"},"content":{"rendered":"<p style=\"text-align: justify;\">Tu es Pierre, et sur cette pierre je b\u00e2tirai mon \u00c9glise ; et la puissance de la Mort ne l&#8217;emportera pas sur elle. (Mt 16,18)<\/p>\n<p style=\"text-align: justify;\"><strong>&gt; Dans l\u2019histoire de la r\u00e9ception, ce verset bien connu a fait couler beaucoup d\u2019encre, puisque c\u2019est celui qui institue Pierre pour fonder l\u2019Eglise de J\u00e9sus Christ sur terre, qui l\u2019institue comme premier Ev\u00eaque de Rome dont le pape est le successeur. C\u2019est \u00e9galement une mention importante du th\u00e8me du chr\u00e9tien compris comme \u00ab pierre vivante \u00bb (que l\u2019on retrouve en 1 Pierre 2), avec le Christ comme pierre angulaire de l\u2019\u00e9difice spirituel form\u00e9 par ces pierres vivantes que sont les chr\u00e9tiens.<\/strong><\/p>\n<p style=\"text-align: justify;\"><strong>Cette semaine, nous sommes invit\u00e9s \u00e0 deux choses en lien avec ce verset. Premi\u00e8rement, ce verset nous rappelle, que l\u2019on soit catholique romain ou non, le r\u00f4le essentiel de la papaut\u00e9 pour le minist\u00e8re de l\u2019unit\u00e9 de l\u2019Eglise qui est, encore aujourd\u2019hui, scandaleusement divis\u00e9e. Ainsi, cette semaine, laissons-nous inviter, avec les chr\u00e9tiens de toutes confessions, \u00e0 prier pour le Pape Fran\u00e7ois et son minist\u00e8re d\u2019unit\u00e9 des chr\u00e9tiens.<\/strong><\/p>\n<p style=\"text-align: justify;\"><strong>Deuxi\u00e8mement, prenons\u00a0conscience que nous\u00a0aussi, nous sommes\u00a0des pierres vivantes avec laquelle le Christ veut b\u00e2tir son Eglise : quel(s) don(s), quel(s) charisme(s) poss\u00e9dons-nous et\/ou pouvons-nous d\u00e9velopper, pour rendre cette Eglise encore plus vivante, plus joyeuse, plus rayonnante ? Car J\u00e9sus le Christ a besoin de nous, ses pierres, pour t\u00e9moigner de Sa vie et Son amour. Pierres vivantes, faisons notre la pri\u00e8re de Saint-Fran\u00e7ois d\u2019Assise : Seigneur, fais de nous des ouvriers de paix, Seigneur, fais de nous des b\u00e2tisseurs d\u2019amour.<\/strong><\/p>\n","protected":false},"excerpt":{"rendered":"<p>Tu es Pierre, et sur cette pierre je b\u00e2tirai mon \u00c9glise ; et la puissance de la Mort ne l&#8217;emportera pas sur elle. (Mt 16,18) &gt; Dans l\u2019histoire de la r\u00e9ception, ce verset bien connu a fait couler beaucoup d\u2019encre, puisque c\u2019est celui qui institue Pierre pour fonder l\u2019Eglise de J\u00e9sus Christ sur terre, qui l\u2019institue comme premier Ev\u00eaque de Rome dont le pape est le successeur. C\u2019est \u00e9galement une mention importante du th\u00e8me du chr\u00e9tien compris comme \u00ab pierre vivante \u00bb (que l\u2019on retrouve en 1 Pierre 2), avec le Christ comme pierre angulaire de l\u2019\u00e9difice spirituel form\u00e9 par ces pierres vivantes que sont les chr\u00e9tiens. Cette semaine, nous \u2026 <a class=\"continue-reading-link\" href=\"https:\/\/levangilealecran.com\/?p=642\"> Continue reading <span class=\"meta-nav\">&rarr; <\/span><\/a><\/p>\n","protected":false},"author":1,"featured_media":0,"comment_status":"open","ping_status":"open","sticky":false,"template":"","format":"standard","meta":{"footnotes":""},"categories":[4,8],"tags":[296,433,295,278],"class_list":["post-642","post","type-post","status-publish","format-standard","hentry","category-dimanche","category-matthieu","tag-charismes","tag-matthieu","tag-pape","tag-pierre"],"_links":{"self":[{"href":"https:\/\/levangilealecran.com\/index.php?rest_route=\/wp\/v2\/posts\/642","targetHints":{"allow":["GET"]}}],"collection":[{"href":"https:\/\/levangilealecran.com\/index.php?rest_route=\/wp\/v2\/posts"}],"about":[{"href":"https:\/\/levangilealecran.com\/index.php?rest_route=\/wp\/v2\/types\/post"}],"author":[{"embeddable":true,"href":"https:\/\/levangilealecran.com\/index.php?rest_route=\/wp\/v2\/users\/1"}],"replies":[{"embeddable":true,"href":"https:\/\/levangilealecran.com\/index.php?rest_route=%2Fwp%2Fv2%2Fcomments&post=642"}],"version-history":[{"count":1,"href":"https:\/\/levangilealecran.com\/index.php?rest_route=\/wp\/v2\/posts\/642\/revisions"}],"predecessor-version":[{"id":643,"href":"https:\/\/levangilealecran.com\/index.php?rest_route=\/wp\/v2\/posts\/642\/revisions\/643"}],"wp:attachment":[{"href":"https:\/\/levangilealecran.com\/index.php?rest_route=%2Fwp%2Fv2%2Fmedia&parent=642"}],"wp:term":[{"taxonomy":"category","embeddable":true,"href":"https:\/\/levangilealecran.com\/index.php?rest_route=%2Fwp%2Fv2%2Fcategories&post=642"},{"taxonomy":"post_tag","embeddable":true,"href":"https:\/\/levangilealecran.com\/index.php?rest_route=%2Fwp%2Fv2%2Ftags&post=642"}],"curies":[{"name":"wp","href":"https:\/\/api.w.org\/{rel}","templated":true}]}}