{"id":636,"date":"2014-08-08T19:16:57","date_gmt":"2014-08-08T17:16:57","guid":{"rendered":"http:\/\/levangilealecran.com?p=636"},"modified":"2014-08-08T19:16:57","modified_gmt":"2014-08-08T17:16:57","slug":"19e-dimanche-a","status":"publish","type":"post","link":"https:\/\/levangilealecran.com\/?p=636","title":{"rendered":"19e dimanche &#8211; A"},"content":{"rendered":"<p style=\"text-align: justify;\">J\u00e9sus leur parla : \u00ab Confiance ! c&rsquo;est moi ; n&rsquo;ayez pas peur ! (\u2026) J\u00e9sus \u00e9tendit la main, le saisit et lui dit [\u00e0 Pierre] : \u00ab Homme de peu de foi, pourquoi as-tu dout\u00e9 ? \u00bb &#8211; Mt 14, 27.31<\/p>\n<p style=\"text-align: justify;\"><strong>&gt; On dit que la foi permet de d\u00e9placer des montagnes ou\u2026 de marcher sur les eaux ! C\u2019est ce que fait Pierre \u00e0 la suite de J\u00e9sus dans cet \u00e9pisode si connu. Mais au milieu de la travers\u00e9e, il a peur et se met \u00e0 couler. Un peu comme dans les dessins anim\u00e9s o\u00f9 celui qui court dans le vide s\u2019aper\u00e7oit qu\u2019il n\u2019y a plus de terre sous ses pieds ! Une sorte de brusque retour aux attaches mat\u00e9rielles souvent si rassurantes\u2026 Comme si agir dans la foi au Christ \u00e9tait temporaire, le temps d\u2019\u00e9merger d\u2019une sorte de r\u00eave semblant irr\u00e9el parce que trop extraordinaire.<\/strong><\/p>\n<p style=\"text-align: justify;\"><strong>Qui d\u2019entre nous, dubitatif comme Pierre, n\u2019a-t-il pas \u00ab test\u00e9 \u00bb le Seigneur ?! \u00ab Si c\u2019est bien toi\u2026 \u00bb dit Pierre. Qui n\u2019a pas \u00e9t\u00e9 pris de vertiges et a chut\u00e9 alors m\u00eame qu\u2019il \u00e9tait engag\u00e9, pourtant \u00e0 la suite de J\u00e9sus, sur un chemin brusquement devenu escarp\u00e9 ?<\/strong><\/p>\n<p style=\"text-align: justify;\"><strong>Si c\u2019est le Christ qui nous appelle, aucune raison de douter ! Il nous\u00a0laisse n\u00e9anmoins libre de le suivre ou non. Il ne nous\u00a0forcera pas, ne nous\u00a0obligera \u00e0 rien, nous\u00a0permettra de rester o\u00f9 nous\u00a0en sommes. Laissons-lui au moins une chance, faisons le premier pas vers lui qui nous\u00a0attend et qui nous\u00a0tend la main pour nous\u00a0relever et nous\u00a0accompagner dans la vie ! Avec lui, plus de crainte, juste la certitude de ne jamais \u00eatre seul, m\u00eame au creux de la temp\u00eate. Confiance, c\u2019est lui, le Fils de Dieu, n\u2019ayons pas peur !<\/strong><\/p>\n","protected":false},"excerpt":{"rendered":"<p>J\u00e9sus leur parla : \u00ab Confiance ! c&rsquo;est moi ; n&rsquo;ayez pas peur ! (\u2026) J\u00e9sus \u00e9tendit la main, le saisit et lui dit [\u00e0 Pierre] : \u00ab Homme de peu de foi, pourquoi as-tu dout\u00e9 ? \u00bb &#8211; Mt 14, 27.31 &gt; On dit que la foi permet de d\u00e9placer des montagnes ou\u2026 de marcher sur les eaux ! C\u2019est ce que fait Pierre \u00e0 la suite de J\u00e9sus dans cet \u00e9pisode si connu. Mais au milieu de la travers\u00e9e, il a peur et se met \u00e0 couler. Un peu comme dans les dessins anim\u00e9s o\u00f9 celui qui court dans le vide s\u2019aper\u00e7oit qu\u2019il n\u2019y a plus de terre \u2026 <a class=\"continue-reading-link\" href=\"https:\/\/levangilealecran.com\/?p=636\"> Continue reading <span class=\"meta-nav\">&rarr; <\/span><\/a><\/p>\n","protected":false},"author":1,"featured_media":0,"comment_status":"open","ping_status":"open","sticky":false,"template":"","format":"standard","meta":{"footnotes":""},"categories":[4,8],"tags":[26,293,294,162,278,232],"class_list":["post-636","post","type-post","status-publish","format-standard","hentry","category-dimanche","category-matthieu","tag-confiance","tag-doute","tag-eaux","tag-peur","tag-pierre","tag-suivre"],"_links":{"self":[{"href":"https:\/\/levangilealecran.com\/index.php?rest_route=\/wp\/v2\/posts\/636","targetHints":{"allow":["GET"]}}],"collection":[{"href":"https:\/\/levangilealecran.com\/index.php?rest_route=\/wp\/v2\/posts"}],"about":[{"href":"https:\/\/levangilealecran.com\/index.php?rest_route=\/wp\/v2\/types\/post"}],"author":[{"embeddable":true,"href":"https:\/\/levangilealecran.com\/index.php?rest_route=\/wp\/v2\/users\/1"}],"replies":[{"embeddable":true,"href":"https:\/\/levangilealecran.com\/index.php?rest_route=%2Fwp%2Fv2%2Fcomments&post=636"}],"version-history":[{"count":1,"href":"https:\/\/levangilealecran.com\/index.php?rest_route=\/wp\/v2\/posts\/636\/revisions"}],"predecessor-version":[{"id":637,"href":"https:\/\/levangilealecran.com\/index.php?rest_route=\/wp\/v2\/posts\/636\/revisions\/637"}],"wp:attachment":[{"href":"https:\/\/levangilealecran.com\/index.php?rest_route=%2Fwp%2Fv2%2Fmedia&parent=636"}],"wp:term":[{"taxonomy":"category","embeddable":true,"href":"https:\/\/levangilealecran.com\/index.php?rest_route=%2Fwp%2Fv2%2Fcategories&post=636"},{"taxonomy":"post_tag","embeddable":true,"href":"https:\/\/levangilealecran.com\/index.php?rest_route=%2Fwp%2Fv2%2Ftags&post=636"}],"curies":[{"name":"wp","href":"https:\/\/api.w.org\/{rel}","templated":true}]}}