{"id":623,"date":"2014-07-18T09:58:06","date_gmt":"2014-07-18T07:58:06","guid":{"rendered":"http:\/\/levangilealecran.com?p=623"},"modified":"2014-08-08T19:28:42","modified_gmt":"2014-08-08T17:28:42","slug":"16e-dimanche-a","status":"publish","type":"post","link":"https:\/\/levangilealecran.com\/?p=623","title":{"rendered":"16e dimanche \u2013 A"},"content":{"rendered":"<p style=\"text-align: justify;\">\u00ab J\u00e9sus proposa cette parabole \u00e0 la foule : \u00ab\u00a0Le Royaume des cieux est comparable \u00e0 un homme qui a sem\u00e9 du bon grain dans son champ. Or, pendant que les gens dormaient, son ennemi survint ; il sema de l&rsquo;ivraie au milieu du bl\u00e9 et s&rsquo;en alla. Quand la tige poussa et produisit l&rsquo;\u00e9pi, alors l&rsquo;ivraie apparut aussi.\u00a0\u00bb Les serviteurs du ma\u00eetre vinrent lui dire : \u00ab\u00a0Seigneur, n&rsquo;est-ce pas du bon grain que tu as sem\u00e9 dans ton champ ? D&rsquo;o\u00f9 vient donc qu&rsquo;il y a de l&rsquo;ivraie ?\u00a0\u00bb Il leur dit : \u00ab\u00a0C&rsquo;est un ennemi qui a fait cela\u00a0\u00bb Les serviteurs lui disent : \u00ab\u00a0Alors, veux-tu que nous allions l&rsquo;enlever ?\u00a0\u00bb Il r\u00e9pond : \u00ab\u00a0Non, de peur qu&rsquo;en enlevant l&rsquo;ivraie, vous n&rsquo;arrachiez le bl\u00e9 en m\u00eame temps.\u00a0\u00bb \u00bb \u2013 Mt 13, 24-29<\/p>\n<p style=\"text-align: justify;\"><strong>&gt; Dans notre vie, dans tous les domaines et dans toutes nos relations, se c\u00f4toient le bon grain et l\u2019ivraie, le bien et le mal. Instinctivement on voudrait enlever ce qui est n\u00e9gatif et toxique de nos vies. En pratique, c\u2019est beaucoup trop difficile et on constate g\u00e9n\u00e9ralement que le mauvais revient tr\u00e8s vite\u2026 J\u00e9sus dit d\u2019ailleurs qu\u2019\u00e0 force de vouloir essayer d\u2019arracher l\u2019ivraie, on risque aussi d\u2019\u00f4ter le bon grain. <\/strong><\/p>\n<p style=\"text-align: justify;\"><strong>Alors que faire ?! <\/strong><\/p>\n<p style=\"text-align: justify;\"><strong>&#8211;\u00a0<\/strong><strong>Garder confiance dans l\u2019\u00e9pi qui est assez fort pour ne pas se laisser totalement envahir par l\u2019ivraie ;<\/strong><\/p>\n<p style=\"text-align: justify;\"><strong>&#8211;\u00a0<\/strong><strong>Ne pas se laisser d\u00e9stabiliser, ni se focaliser \u00a0sur le n\u00e9gatif ;<\/strong><\/p>\n<p style=\"text-align: justify;\"><strong>&#8211;\u00a0<\/strong><strong>Croire que ce qui a \u00e9t\u00e9 sem\u00e9 de bon en soi par Dieu grandira encore et encore si on l\u2019arrose bien ;<\/strong><\/p>\n<p style=\"text-align: justify;\"><strong>&#8211;\u00a0<\/strong><strong>Ne jamais d\u00e9sesp\u00e9rer et toujours recommencer : l\u2019ivraie finira par se dess\u00e9cher et tombera !<\/strong><\/p>\n<p style=\"text-align: justify;\"><strong>Et si on s\u2019y mettait tous, pour que ce monde vive un peu plus d\u2019amour ? <\/strong><\/p>\n","protected":false},"excerpt":{"rendered":"<p>\u00ab J\u00e9sus proposa cette parabole \u00e0 la foule : \u00ab\u00a0Le Royaume des cieux est comparable \u00e0 un homme qui a sem\u00e9 du bon grain dans son champ. Or, pendant que les gens dormaient, son ennemi survint ; il sema de l&rsquo;ivraie au milieu du bl\u00e9 et s&rsquo;en alla. Quand la tige poussa et produisit l&rsquo;\u00e9pi, alors l&rsquo;ivraie apparut aussi.\u00a0\u00bb Les serviteurs du ma\u00eetre vinrent lui dire : \u00ab\u00a0Seigneur, n&rsquo;est-ce pas du bon grain que tu as sem\u00e9 dans ton champ ? D&rsquo;o\u00f9 vient donc qu&rsquo;il y a de l&rsquo;ivraie ?\u00a0\u00bb Il leur dit : \u00ab\u00a0C&rsquo;est un ennemi qui a fait cela\u00a0\u00bb Les serviteurs lui disent : \u00ab\u00a0Alors, veux-tu que nous \u2026 <a class=\"continue-reading-link\" href=\"https:\/\/levangilealecran.com\/?p=623\"> Continue reading <span class=\"meta-nav\">&rarr; <\/span><\/a><\/p>\n","protected":false},"author":1,"featured_media":0,"comment_status":"open","ping_status":"open","sticky":false,"template":"","format":"standard","meta":{"footnotes":""},"categories":[4,8],"tags":[287],"class_list":["post-623","post","type-post","status-publish","format-standard","hentry","category-dimanche","category-matthieu","tag-bon-grain-ivraie-vie-amour"],"_links":{"self":[{"href":"https:\/\/levangilealecran.com\/index.php?rest_route=\/wp\/v2\/posts\/623","targetHints":{"allow":["GET"]}}],"collection":[{"href":"https:\/\/levangilealecran.com\/index.php?rest_route=\/wp\/v2\/posts"}],"about":[{"href":"https:\/\/levangilealecran.com\/index.php?rest_route=\/wp\/v2\/types\/post"}],"author":[{"embeddable":true,"href":"https:\/\/levangilealecran.com\/index.php?rest_route=\/wp\/v2\/users\/1"}],"replies":[{"embeddable":true,"href":"https:\/\/levangilealecran.com\/index.php?rest_route=%2Fwp%2Fv2%2Fcomments&post=623"}],"version-history":[{"count":5,"href":"https:\/\/levangilealecran.com\/index.php?rest_route=\/wp\/v2\/posts\/623\/revisions"}],"predecessor-version":[{"id":638,"href":"https:\/\/levangilealecran.com\/index.php?rest_route=\/wp\/v2\/posts\/623\/revisions\/638"}],"wp:attachment":[{"href":"https:\/\/levangilealecran.com\/index.php?rest_route=%2Fwp%2Fv2%2Fmedia&parent=623"}],"wp:term":[{"taxonomy":"category","embeddable":true,"href":"https:\/\/levangilealecran.com\/index.php?rest_route=%2Fwp%2Fv2%2Fcategories&post=623"},{"taxonomy":"post_tag","embeddable":true,"href":"https:\/\/levangilealecran.com\/index.php?rest_route=%2Fwp%2Fv2%2Ftags&post=623"}],"curies":[{"name":"wp","href":"https:\/\/api.w.org\/{rel}","templated":true}]}}