{"id":621,"date":"2014-07-11T13:44:42","date_gmt":"2014-07-11T11:44:42","guid":{"rendered":"http:\/\/levangilealecran.com?p=621"},"modified":"2014-07-11T13:44:42","modified_gmt":"2014-07-11T11:44:42","slug":"15e-dimanche-a","status":"publish","type":"post","link":"https:\/\/levangilealecran.com\/?p=621","title":{"rendered":"15e dimanche &#8211; A"},"content":{"rendered":"<p style=\"text-align: justify;\"><span style=\"color: #000000;\">\u00ab\u00a0Mais vous, heureux vos yeux parce qu&rsquo;ils voient, et vos oreilles parce qu&rsquo;elles entendent ! <\/span><br \/>\n<span style=\"color: #000000;\">Amen, je vous le dis : Beaucoup de proph\u00e8tes et de justes ont d\u00e9sir\u00e9 voir ce que vous voyez, et ne l&rsquo;ont pas vu, entendre ce que vous entendez, et ne l&rsquo;ont pas entendu\u00a0\u00bb Mt 10, 16-17<\/span><\/p>\n<p style=\"text-align: justify;\"><strong>&gt; Nous\u00a0qui connaissons le Christ, est-ce que nous\u00a0mesurons la gr\u00e2ce que nous avons\u00a0re\u00e7ue?? Nous\u00a0qui essayons de le suivre de tout notre\u00a0coeur, avec nos faiblesses, certes, mais qui le cherchons et qui voulons le suivre, soyons heureux ! Nous\u00a0voyons et nous\u00a0entendons ! La mise en pratique n&rsquo;est pas toujours simple mais nous\u00a0voyons et entendons ce que beaucoup avant et apr\u00e8s nous\u00a0n&rsquo;ont pas vu et n&rsquo;entendront pas&#8230;<\/strong><\/p>\n<p style=\"text-align: justify;\"><strong>Cette semaine il nous est\u00a0propos\u00e9 de prendre la mesure de cette gr\u00e2ce, de louer Dieu pour la foi qu&rsquo;il a plac\u00e9e en notre\u00a0coeur, pour la place qu&rsquo;il occupe dans notre\u00a0vie. Il nous est aussi\u00a0propos\u00e9\u00a0de r\u00e9fl\u00e9chir comment cette chance vient embrasser notre\u00a0vie quotidienne et comment nous\u00a0t\u00e9moignons de la joie de pouvoir voir et entendre la r\u00e9v\u00e9lation autour de nous\u00a0!<\/strong><\/p>\n","protected":false},"excerpt":{"rendered":"<p>\u00ab\u00a0Mais vous, heureux vos yeux parce qu&rsquo;ils voient, et vos oreilles parce qu&rsquo;elles entendent ! Amen, je vous le dis : Beaucoup de proph\u00e8tes et de justes ont d\u00e9sir\u00e9 voir ce que vous voyez, et ne l&rsquo;ont pas vu, entendre ce que vous entendez, et ne l&rsquo;ont pas entendu\u00a0\u00bb Mt 10, 16-17 &gt; Nous\u00a0qui connaissons le Christ, est-ce que nous\u00a0mesurons la gr\u00e2ce que nous avons\u00a0re\u00e7ue?? Nous\u00a0qui essayons de le suivre de tout notre\u00a0coeur, avec nos faiblesses, certes, mais qui le cherchons et qui voulons le suivre, soyons heureux ! Nous\u00a0voyons et nous\u00a0entendons ! La mise en pratique n&rsquo;est pas toujours simple mais nous\u00a0voyons et entendons ce que beaucoup avant et \u2026 <a class=\"continue-reading-link\" href=\"https:\/\/levangilealecran.com\/?p=621\"> Continue reading <span class=\"meta-nav\">&rarr; <\/span><\/a><\/p>\n","protected":false},"author":1,"featured_media":0,"comment_status":"open","ping_status":"open","sticky":false,"template":"","format":"standard","meta":{"footnotes":""},"categories":[4,8],"tags":[286,285,206,433,266,230],"class_list":["post-621","post","type-post","status-publish","format-standard","hentry","category-dimanche","category-matthieu","tag-chance","tag-entendre","tag-grace","tag-matthieu","tag-temoigner","tag-voir"],"_links":{"self":[{"href":"https:\/\/levangilealecran.com\/index.php?rest_route=\/wp\/v2\/posts\/621","targetHints":{"allow":["GET"]}}],"collection":[{"href":"https:\/\/levangilealecran.com\/index.php?rest_route=\/wp\/v2\/posts"}],"about":[{"href":"https:\/\/levangilealecran.com\/index.php?rest_route=\/wp\/v2\/types\/post"}],"author":[{"embeddable":true,"href":"https:\/\/levangilealecran.com\/index.php?rest_route=\/wp\/v2\/users\/1"}],"replies":[{"embeddable":true,"href":"https:\/\/levangilealecran.com\/index.php?rest_route=%2Fwp%2Fv2%2Fcomments&post=621"}],"version-history":[{"count":1,"href":"https:\/\/levangilealecran.com\/index.php?rest_route=\/wp\/v2\/posts\/621\/revisions"}],"predecessor-version":[{"id":622,"href":"https:\/\/levangilealecran.com\/index.php?rest_route=\/wp\/v2\/posts\/621\/revisions\/622"}],"wp:attachment":[{"href":"https:\/\/levangilealecran.com\/index.php?rest_route=%2Fwp%2Fv2%2Fmedia&parent=621"}],"wp:term":[{"taxonomy":"category","embeddable":true,"href":"https:\/\/levangilealecran.com\/index.php?rest_route=%2Fwp%2Fv2%2Fcategories&post=621"},{"taxonomy":"post_tag","embeddable":true,"href":"https:\/\/levangilealecran.com\/index.php?rest_route=%2Fwp%2Fv2%2Ftags&post=621"}],"curies":[{"name":"wp","href":"https:\/\/api.w.org\/{rel}","templated":true}]}}