{"id":617,"date":"2014-07-04T14:59:32","date_gmt":"2014-07-04T12:59:32","guid":{"rendered":"http:\/\/levangilealecran.com?p=617"},"modified":"2014-07-04T14:59:32","modified_gmt":"2014-07-04T12:59:32","slug":"14e-dimanche-a","status":"publish","type":"post","link":"https:\/\/levangilealecran.com\/?p=617","title":{"rendered":"14e dimanche &#8211; A"},"content":{"rendered":"<p style=\"text-align: justify;\">\u00ab Venez \u00e0 moi, vous tous qui peinez sous le poids du fardeau, et moi, je vous procurerai le repos. \u00bb &#8211; Mt 11,28<\/p>\n<p style=\"text-align: justify;\"><strong>&gt; En ce d\u00e9but d\u2019\u00e9t\u00e9 nous\u00a0avons sans doute plein de projets palpitants ! Pour nous\u00a0d\u00e9tendre, nous changer les id\u00e9es, voir du pays\u2026 N\u2019oublions pas cependant que le mot \u00ab vacances \u00bb vient du latin, vacare, \u00ab \u00eatre sans \u00bb. Sans travail soutenu, sans rendez-vous contraignant, sans course effr\u00e9n\u00e9e\u2026 Apr\u00e8s ces derniers mois charg\u00e9s, J\u00e9sus nous invite \u00e0 d\u00e9poser notre\u00a0fardeau \u00e0 ses pieds et \u00e0 nous\u00a0reposer aupr\u00e8s de lui. Qu\u2019est-ce que cela veut dire ?<\/strong><\/p>\n<p style=\"text-align: justify;\"><strong>Par exemple, contempler, m\u00e9diter. Laisser divaguer notre\u00a0esprit apr\u00e8s la lecture d\u2019un passage biblique ou d\u2019un texte spirituel. C\u2019est fermer les yeux pour mieux voir, \u00e9couter ce que le silence a \u00e0 nous\u00a0dire, laisser nos sens s\u2019ouvrir au Sens pour que r\u00e9sonne en nous\u00a0ce qui nous\u00a0rencontre au plus intime, avec \u00e9merveillement. Cet \u00e9t\u00e9, avan\u00e7ons le c\u0153ur et les yeux ouverts \u00e0 la suite du Christ qui nous\u00a0montre toujours le chemin vers nous-m\u00eame et vers son P\u00e8re, par la gr\u00e2ce de l\u2019Esprit Saint. Bel \u00e9t\u00e9 et bon ressourcement !<\/strong><\/p>\n","protected":false},"excerpt":{"rendered":"<p>\u00ab Venez \u00e0 moi, vous tous qui peinez sous le poids du fardeau, et moi, je vous procurerai le repos. \u00bb &#8211; Mt 11,28 &gt; En ce d\u00e9but d\u2019\u00e9t\u00e9 nous\u00a0avons sans doute plein de projets palpitants ! Pour nous\u00a0d\u00e9tendre, nous changer les id\u00e9es, voir du pays\u2026 N\u2019oublions pas cependant que le mot \u00ab vacances \u00bb vient du latin, vacare, \u00ab \u00eatre sans \u00bb. Sans travail soutenu, sans rendez-vous contraignant, sans course effr\u00e9n\u00e9e\u2026 Apr\u00e8s ces derniers mois charg\u00e9s, J\u00e9sus nous invite \u00e0 d\u00e9poser notre\u00a0fardeau \u00e0 ses pieds et \u00e0 nous\u00a0reposer aupr\u00e8s de lui. Qu\u2019est-ce que cela veut dire ? Par exemple, contempler, m\u00e9diter. Laisser divaguer notre\u00a0esprit apr\u00e8s la lecture d\u2019un passage \u2026 <a class=\"continue-reading-link\" href=\"https:\/\/levangilealecran.com\/?p=617\"> Continue reading <span class=\"meta-nav\">&rarr; <\/span><\/a><\/p>\n","protected":false},"author":1,"featured_media":0,"comment_status":"open","ping_status":"open","sticky":false,"template":"","format":"standard","meta":{"footnotes":""},"categories":[4,8],"tags":[282,433,284,283,102],"class_list":["post-617","post","type-post","status-publish","format-standard","hentry","category-dimanche","category-matthieu","tag-ete","tag-matthieu","tag-repos","tag-ressourcement","tag-vacances"],"_links":{"self":[{"href":"https:\/\/levangilealecran.com\/index.php?rest_route=\/wp\/v2\/posts\/617","targetHints":{"allow":["GET"]}}],"collection":[{"href":"https:\/\/levangilealecran.com\/index.php?rest_route=\/wp\/v2\/posts"}],"about":[{"href":"https:\/\/levangilealecran.com\/index.php?rest_route=\/wp\/v2\/types\/post"}],"author":[{"embeddable":true,"href":"https:\/\/levangilealecran.com\/index.php?rest_route=\/wp\/v2\/users\/1"}],"replies":[{"embeddable":true,"href":"https:\/\/levangilealecran.com\/index.php?rest_route=%2Fwp%2Fv2%2Fcomments&post=617"}],"version-history":[{"count":1,"href":"https:\/\/levangilealecran.com\/index.php?rest_route=\/wp\/v2\/posts\/617\/revisions"}],"predecessor-version":[{"id":619,"href":"https:\/\/levangilealecran.com\/index.php?rest_route=\/wp\/v2\/posts\/617\/revisions\/619"}],"wp:attachment":[{"href":"https:\/\/levangilealecran.com\/index.php?rest_route=%2Fwp%2Fv2%2Fmedia&parent=617"}],"wp:term":[{"taxonomy":"category","embeddable":true,"href":"https:\/\/levangilealecran.com\/index.php?rest_route=%2Fwp%2Fv2%2Fcategories&post=617"},{"taxonomy":"post_tag","embeddable":true,"href":"https:\/\/levangilealecran.com\/index.php?rest_route=%2Fwp%2Fv2%2Ftags&post=617"}],"curies":[{"name":"wp","href":"https:\/\/api.w.org\/{rel}","templated":true}]}}