{"id":611,"date":"2014-06-27T08:01:30","date_gmt":"2014-06-27T06:01:30","guid":{"rendered":"http:\/\/levangilealecran.com?p=611"},"modified":"2014-06-28T12:52:56","modified_gmt":"2014-06-28T10:52:56","slug":"st-pierre-et-st-paul-a","status":"publish","type":"post","link":"https:\/\/levangilealecran.com\/?p=611","title":{"rendered":"St Pierre et St Paul &#8211; A"},"content":{"rendered":"<p style=\"text-align: justify;\">\u00ab\u00a0Et moi je te le d\u00e9clare : tu es Pierre, et sur cette pierre je b\u00e2tirai mon Eglise.\u00a0\u00bb (Matthieu 16,18a)<\/p>\n<p style=\"text-align: justify;\"><strong>&gt; Le Christ n&rsquo;a pas h\u00e9sit\u00e9 \u00e0 confier son Eglise &#8211; c&rsquo;est-\u00e0-dire nous tous &#8211; \u00e0 celui qui le reniera par trois fois au chant du coq, \u00e0 celui qui s&rsquo;enflamme si facilement, au fougueux de l&rsquo;\u00e9quipe, \u00e0 Simon-dit-Pierre.<\/strong><\/p>\n<p style=\"text-align: justify;\"><strong>C&rsquo;est aussi \u00e0 chacune et chacun de nous, malgr\u00e9 tous nos d\u00e9fauts, que le Christ dit \u00ab\u00a0toi aussi, tu es cette pierre sur laquelle je b\u00e2tis mon Eglise\u00a0\u00bb. \u00a0A quelle place suis-je appel\u00e9 dans mon Eglise ? Quel est le &lsquo;oui&rsquo; que je pourrais dire cette semaine ?\u00a0Soyons des pierres vivantes et prenons notre place dans ce grand \u00e9difice, le Christ compte sur nous !<\/strong><\/p>\n","protected":false},"excerpt":{"rendered":"<p>\u00ab\u00a0Et moi je te le d\u00e9clare : tu es Pierre, et sur cette pierre je b\u00e2tirai mon Eglise.\u00a0\u00bb (Matthieu 16,18a) &gt; Le Christ n&rsquo;a pas h\u00e9sit\u00e9 \u00e0 confier son Eglise &#8211; c&rsquo;est-\u00e0-dire nous tous &#8211; \u00e0 celui qui le reniera par trois fois au chant du coq, \u00e0 celui qui s&rsquo;enflamme si facilement, au fougueux de l&rsquo;\u00e9quipe, \u00e0 Simon-dit-Pierre. C&rsquo;est aussi \u00e0 chacune et chacun de nous, malgr\u00e9 tous nos d\u00e9fauts, que le Christ dit \u00ab\u00a0toi aussi, tu es cette pierre sur laquelle je b\u00e2tis mon Eglise\u00a0\u00bb. \u00a0A quelle place suis-je appel\u00e9 dans mon Eglise ? Quel est le &lsquo;oui&rsquo; que je pourrais dire cette semaine ?\u00a0Soyons des pierres vivantes \u2026 <a class=\"continue-reading-link\" href=\"https:\/\/levangilealecran.com\/?p=611\"> Continue reading <span class=\"meta-nav\">&rarr; <\/span><\/a><\/p>\n","protected":false},"author":1,"featured_media":0,"comment_status":"open","ping_status":"open","sticky":false,"template":"","format":"standard","meta":{"footnotes":""},"categories":[4,24,8,1],"tags":[280,278,281,279],"class_list":["post-611","post","type-post","status-publish","format-standard","hentry","category-dimanche","category-fetes","category-matthieu","category-sanscategorie","tag-eglise","tag-pierre","tag-place","tag-vocation"],"_links":{"self":[{"href":"https:\/\/levangilealecran.com\/index.php?rest_route=\/wp\/v2\/posts\/611","targetHints":{"allow":["GET"]}}],"collection":[{"href":"https:\/\/levangilealecran.com\/index.php?rest_route=\/wp\/v2\/posts"}],"about":[{"href":"https:\/\/levangilealecran.com\/index.php?rest_route=\/wp\/v2\/types\/post"}],"author":[{"embeddable":true,"href":"https:\/\/levangilealecran.com\/index.php?rest_route=\/wp\/v2\/users\/1"}],"replies":[{"embeddable":true,"href":"https:\/\/levangilealecran.com\/index.php?rest_route=%2Fwp%2Fv2%2Fcomments&post=611"}],"version-history":[{"count":5,"href":"https:\/\/levangilealecran.com\/index.php?rest_route=\/wp\/v2\/posts\/611\/revisions"}],"predecessor-version":[{"id":616,"href":"https:\/\/levangilealecran.com\/index.php?rest_route=\/wp\/v2\/posts\/611\/revisions\/616"}],"wp:attachment":[{"href":"https:\/\/levangilealecran.com\/index.php?rest_route=%2Fwp%2Fv2%2Fmedia&parent=611"}],"wp:term":[{"taxonomy":"category","embeddable":true,"href":"https:\/\/levangilealecran.com\/index.php?rest_route=%2Fwp%2Fv2%2Fcategories&post=611"},{"taxonomy":"post_tag","embeddable":true,"href":"https:\/\/levangilealecran.com\/index.php?rest_route=%2Fwp%2Fv2%2Ftags&post=611"}],"curies":[{"name":"wp","href":"https:\/\/api.w.org\/{rel}","templated":true}]}}