{"id":609,"date":"2014-06-20T19:15:25","date_gmt":"2014-06-20T17:15:25","guid":{"rendered":"http:\/\/levangilealecran.com?p=609"},"modified":"2014-06-20T19:15:25","modified_gmt":"2014-06-20T17:15:25","slug":"fete-dieu-a","status":"publish","type":"post","link":"https:\/\/levangilealecran.com\/?p=609","title":{"rendered":"F\u00eate-Dieu &#8211; A"},"content":{"rendered":"<p style=\"text-align: justify;\">\u00ab\u00a0Je suis le pain vivant qui descend du ciel. Celui qui mangera de ce pain vivra pour l&rsquo;\u00e9ternit\u00e9. Et le pain que je donnerai, c&rsquo;est ma chair, donn\u00e9e pour que le monde ait la vie.\u00a0\u00bb Jn 6, 51<\/p>\n<p style=\"text-align: justify;\"><strong>&gt; Dans ce verset, comme dans le passage duquel il est issu, les mots \u00ab\u00a0pain\u00a0\u00bb et \u00ab\u00a0vie\u00a0\u00bb apparaissent tr\u00e8s souvent et sont li\u00e9s. Rien d&rsquo;\u00e9tonnant au premier abord. En effet, sans nourriture, sans pain, l&rsquo;homme est vou\u00e9 \u00e0 la mort. Mais ici il est question d&rsquo;une vie qui d\u00e9passe la simple vie terrestre, d&rsquo;une vie donn\u00e9e par le Christ, d&rsquo;une vie qui est intimement li\u00e9e au Christ.<\/strong><\/p>\n<p style=\"text-align: justify;\"><strong>Pour nous, qu&rsquo;est-ce que \u00e7a signifie d&rsquo;\u00eatre vivant? Sous quelle forme cette vie issue du Christ prend corps au c\u0153ur de notre\u00a0existence? Qu&rsquo;est-ce qui l&rsquo;encourage ou au contraire l&#8217;emp\u00eache?<\/strong><\/p>\n","protected":false},"excerpt":{"rendered":"<p>\u00ab\u00a0Je suis le pain vivant qui descend du ciel. Celui qui mangera de ce pain vivra pour l&rsquo;\u00e9ternit\u00e9. Et le pain que je donnerai, c&rsquo;est ma chair, donn\u00e9e pour que le monde ait la vie.\u00a0\u00bb Jn 6, 51 &gt; Dans ce verset, comme dans le passage duquel il est issu, les mots \u00ab\u00a0pain\u00a0\u00bb et \u00ab\u00a0vie\u00a0\u00bb apparaissent tr\u00e8s souvent et sont li\u00e9s. Rien d&rsquo;\u00e9tonnant au premier abord. En effet, sans nourriture, sans pain, l&rsquo;homme est vou\u00e9 \u00e0 la mort. Mais ici il est question d&rsquo;une vie qui d\u00e9passe la simple vie terrestre, d&rsquo;une vie donn\u00e9e par le Christ, d&rsquo;une vie qui est intimement li\u00e9e au Christ. Pour nous, qu&rsquo;est-ce que \u00e7a \u2026 <a class=\"continue-reading-link\" href=\"https:\/\/levangilealecran.com\/?p=609\"> Continue reading <span class=\"meta-nav\">&rarr; <\/span><\/a><\/p>\n","protected":false},"author":1,"featured_media":0,"comment_status":"open","ping_status":"open","sticky":false,"template":"","format":"standard","meta":{"footnotes":""},"categories":[4,24,5],"tags":[276,275,277,52,270],"class_list":["post-609","post","type-post","status-publish","format-standard","hentry","category-dimanche","category-fetes","category-jean","tag-corps-du-christ","tag-fete-dieu","tag-pain-de-vie","tag-vie","tag-vie-eternelle"],"_links":{"self":[{"href":"https:\/\/levangilealecran.com\/index.php?rest_route=\/wp\/v2\/posts\/609","targetHints":{"allow":["GET"]}}],"collection":[{"href":"https:\/\/levangilealecran.com\/index.php?rest_route=\/wp\/v2\/posts"}],"about":[{"href":"https:\/\/levangilealecran.com\/index.php?rest_route=\/wp\/v2\/types\/post"}],"author":[{"embeddable":true,"href":"https:\/\/levangilealecran.com\/index.php?rest_route=\/wp\/v2\/users\/1"}],"replies":[{"embeddable":true,"href":"https:\/\/levangilealecran.com\/index.php?rest_route=%2Fwp%2Fv2%2Fcomments&post=609"}],"version-history":[{"count":1,"href":"https:\/\/levangilealecran.com\/index.php?rest_route=\/wp\/v2\/posts\/609\/revisions"}],"predecessor-version":[{"id":610,"href":"https:\/\/levangilealecran.com\/index.php?rest_route=\/wp\/v2\/posts\/609\/revisions\/610"}],"wp:attachment":[{"href":"https:\/\/levangilealecran.com\/index.php?rest_route=%2Fwp%2Fv2%2Fmedia&parent=609"}],"wp:term":[{"taxonomy":"category","embeddable":true,"href":"https:\/\/levangilealecran.com\/index.php?rest_route=%2Fwp%2Fv2%2Fcategories&post=609"},{"taxonomy":"post_tag","embeddable":true,"href":"https:\/\/levangilealecran.com\/index.php?rest_route=%2Fwp%2Fv2%2Ftags&post=609"}],"curies":[{"name":"wp","href":"https:\/\/api.w.org\/{rel}","templated":true}]}}