{"id":601,"date":"2014-05-30T09:04:55","date_gmt":"2014-05-30T07:04:55","guid":{"rendered":"http:\/\/levangilealecran.com?p=601"},"modified":"2014-05-30T09:05:44","modified_gmt":"2014-05-30T07:05:44","slug":"7e-dimanche-de-paques-a","status":"publish","type":"post","link":"https:\/\/levangilealecran.com\/?p=601","title":{"rendered":"7e dimanche de P\u00e2ques &#8211; A"},"content":{"rendered":"<p style=\"text-align: justify;\">\u00ab\u00a0Or la vie \u00e9ternelle, c&rsquo;est qu&rsquo;ils te connaissent, toi, le seul vrai Dieu, et celui que tu as envoy\u00e9, J\u00e9sus Christ.\u00a0\u00bb (Jn 17,3)<\/p>\n<p style=\"text-align: justify;\"><strong>&gt; Ce verset est tir\u00e9 du discours d&rsquo;adieu que J\u00e9sus adresse \u00e0 ses disciples. Tout au long de ce discours en Jn 17, nous remarquons qu&rsquo;il existe une forte relation d&rsquo;intimit\u00e9 entre le P\u00e8re et son fils J\u00e9sus Christ. J\u00e9sus nous y dit \u00e9galement qu&rsquo;il est venu sur terre pour nous faire conna\u00eetre son P\u00e8re. Avec l&rsquo;Ascension, J\u00e9sus retourne vers son P\u00e8re, mais avant cela il invite chacun de ses disciples \u00e0 vivre cette relation d&rsquo;intimit\u00e9 avec le P\u00e8re, comme lui, la vit.<\/strong><\/p>\n<p style=\"text-align: justify;\"><strong>Je te propose cette semaine, dans tes pri\u00e8res, de t&rsquo;adresser plus sp\u00e9cialement au P\u00e8re, comme J\u00e9sus nous y invite, pour toujours mieux faire sa connaissance.<\/strong><\/p>\n","protected":false},"excerpt":{"rendered":"<p>\u00ab\u00a0Or la vie \u00e9ternelle, c&rsquo;est qu&rsquo;ils te connaissent, toi, le seul vrai Dieu, et celui que tu as envoy\u00e9, J\u00e9sus Christ.\u00a0\u00bb (Jn 17,3) &gt; Ce verset est tir\u00e9 du discours d&rsquo;adieu que J\u00e9sus adresse \u00e0 ses disciples. Tout au long de ce discours en Jn 17, nous remarquons qu&rsquo;il existe une forte relation d&rsquo;intimit\u00e9 entre le P\u00e8re et son fils J\u00e9sus Christ. J\u00e9sus nous y dit \u00e9galement qu&rsquo;il est venu sur terre pour nous faire conna\u00eetre son P\u00e8re. Avec l&rsquo;Ascension, J\u00e9sus retourne vers son P\u00e8re, mais avant cela il invite chacun de ses disciples \u00e0 vivre cette relation d&rsquo;intimit\u00e9 avec le P\u00e8re, comme lui, la vit. Je te propose cette \u2026 <a class=\"continue-reading-link\" href=\"https:\/\/levangilealecran.com\/?p=601\"> Continue reading <span class=\"meta-nav\">&rarr; <\/span><\/a><\/p>\n","protected":false},"author":1,"featured_media":0,"comment_status":"open","ping_status":"open","sticky":false,"template":"","format":"standard","meta":{"footnotes":""},"categories":[4,5,73],"tags":[38,272,31,271,270],"class_list":["post-601","post","type-post","status-publish","format-standard","hentry","category-dimanche","category-jean","category-paques","tag-jesus","tag-pere","tag-priere","tag-relation","tag-vie-eternelle"],"_links":{"self":[{"href":"https:\/\/levangilealecran.com\/index.php?rest_route=\/wp\/v2\/posts\/601","targetHints":{"allow":["GET"]}}],"collection":[{"href":"https:\/\/levangilealecran.com\/index.php?rest_route=\/wp\/v2\/posts"}],"about":[{"href":"https:\/\/levangilealecran.com\/index.php?rest_route=\/wp\/v2\/types\/post"}],"author":[{"embeddable":true,"href":"https:\/\/levangilealecran.com\/index.php?rest_route=\/wp\/v2\/users\/1"}],"replies":[{"embeddable":true,"href":"https:\/\/levangilealecran.com\/index.php?rest_route=%2Fwp%2Fv2%2Fcomments&post=601"}],"version-history":[{"count":1,"href":"https:\/\/levangilealecran.com\/index.php?rest_route=\/wp\/v2\/posts\/601\/revisions"}],"predecessor-version":[{"id":602,"href":"https:\/\/levangilealecran.com\/index.php?rest_route=\/wp\/v2\/posts\/601\/revisions\/602"}],"wp:attachment":[{"href":"https:\/\/levangilealecran.com\/index.php?rest_route=%2Fwp%2Fv2%2Fmedia&parent=601"}],"wp:term":[{"taxonomy":"category","embeddable":true,"href":"https:\/\/levangilealecran.com\/index.php?rest_route=%2Fwp%2Fv2%2Fcategories&post=601"},{"taxonomy":"post_tag","embeddable":true,"href":"https:\/\/levangilealecran.com\/index.php?rest_route=%2Fwp%2Fv2%2Ftags&post=601"}],"curies":[{"name":"wp","href":"https:\/\/api.w.org\/{rel}","templated":true}]}}