{"id":595,"date":"2014-05-23T17:22:07","date_gmt":"2014-05-23T15:22:07","guid":{"rendered":"http:\/\/levangilealecran.com?p=595"},"modified":"2014-05-23T17:22:22","modified_gmt":"2014-05-23T15:22:22","slug":"5e-dimanche-de-paques-a-2","status":"publish","type":"post","link":"https:\/\/levangilealecran.com\/?p=595","title":{"rendered":"6e dimanche de P\u00e2ques &#8211; A"},"content":{"rendered":"<p style=\"text-align: justify;\">\u00ab\u00a0L&rsquo;Esprit de v\u00e9rit\u00e9 : le monde est incapable de le recevoir, parce qu&rsquo;il ne le voit pas et ne le conna\u00eet pas; mais vous, vous le connaissez, parce qu&rsquo;il demeure aupr\u00e8s de vous, et qu&rsquo;il est en vous.\u00a0\u00bb (Jean 14,17)<\/p>\n<p style=\"text-align: justify;\"><strong>&gt; Ces paroles de J\u00e9sus sont fortes, \u00e0 la fois dures pour le monde incapable d&rsquo;accueillir l&rsquo;Esprit, \u00e0 la fois belles pour ceux qui ont re\u00e7u l&rsquo;Esprit, en qui il demeure.<\/strong><\/p>\n<p style=\"text-align: justify;\"><strong>Avons-nous conscience que J\u00e9sus parle de nous\u00a0? Par notre\u00a0bapt\u00eame, nous avons\u00a0re\u00e7u l&rsquo;Esprit. Que faisons-nous de cette force extraordinaire qui demeure en nous\u00a0? Cette semaine, nous sommes invit\u00e9s\u00a0\u00e0 nous\u00a0mettre \u00e0 l&rsquo;\u00e9coute de cet Esprit, \u00e0 prendre conscience de sa pr\u00e9sence dans notre\u00a0c\u0153ur, et \u00e0 le laisser nous\u00a0guider pour commencer ou accomplir de grandes choses !<\/strong><\/p>\n","protected":false},"excerpt":{"rendered":"<p>\u00ab\u00a0L&rsquo;Esprit de v\u00e9rit\u00e9 : le monde est incapable de le recevoir, parce qu&rsquo;il ne le voit pas et ne le conna\u00eet pas; mais vous, vous le connaissez, parce qu&rsquo;il demeure aupr\u00e8s de vous, et qu&rsquo;il est en vous.\u00a0\u00bb (Jean 14,17) &gt; Ces paroles de J\u00e9sus sont fortes, \u00e0 la fois dures pour le monde incapable d&rsquo;accueillir l&rsquo;Esprit, \u00e0 la fois belles pour ceux qui ont re\u00e7u l&rsquo;Esprit, en qui il demeure. Avons-nous conscience que J\u00e9sus parle de nous\u00a0? Par notre\u00a0bapt\u00eame, nous avons\u00a0re\u00e7u l&rsquo;Esprit. Que faisons-nous de cette force extraordinaire qui demeure en nous\u00a0? Cette semaine, nous sommes invit\u00e9s\u00a0\u00e0 nous\u00a0mettre \u00e0 l&rsquo;\u00e9coute de cet Esprit, \u00e0 prendre conscience de sa pr\u00e9sence \u2026 <a class=\"continue-reading-link\" href=\"https:\/\/levangilealecran.com\/?p=595\"> Continue reading <span class=\"meta-nav\">&rarr; <\/span><\/a><\/p>\n","protected":false},"author":1,"featured_media":0,"comment_status":"open","ping_status":"open","sticky":false,"template":"","format":"standard","meta":{"footnotes":""},"categories":[4,5,73],"tags":[226,269,220,268,430],"class_list":["post-595","post","type-post","status-publish","format-standard","hentry","category-dimanche","category-jean","category-paques","tag-bapteme","tag-demeurer","tag-esprit","tag-inhabitation","tag-jean"],"_links":{"self":[{"href":"https:\/\/levangilealecran.com\/index.php?rest_route=\/wp\/v2\/posts\/595","targetHints":{"allow":["GET"]}}],"collection":[{"href":"https:\/\/levangilealecran.com\/index.php?rest_route=\/wp\/v2\/posts"}],"about":[{"href":"https:\/\/levangilealecran.com\/index.php?rest_route=\/wp\/v2\/types\/post"}],"author":[{"embeddable":true,"href":"https:\/\/levangilealecran.com\/index.php?rest_route=\/wp\/v2\/users\/1"}],"replies":[{"embeddable":true,"href":"https:\/\/levangilealecran.com\/index.php?rest_route=%2Fwp%2Fv2%2Fcomments&post=595"}],"version-history":[{"count":2,"href":"https:\/\/levangilealecran.com\/index.php?rest_route=\/wp\/v2\/posts\/595\/revisions"}],"predecessor-version":[{"id":597,"href":"https:\/\/levangilealecran.com\/index.php?rest_route=\/wp\/v2\/posts\/595\/revisions\/597"}],"wp:attachment":[{"href":"https:\/\/levangilealecran.com\/index.php?rest_route=%2Fwp%2Fv2%2Fmedia&parent=595"}],"wp:term":[{"taxonomy":"category","embeddable":true,"href":"https:\/\/levangilealecran.com\/index.php?rest_route=%2Fwp%2Fv2%2Fcategories&post=595"},{"taxonomy":"post_tag","embeddable":true,"href":"https:\/\/levangilealecran.com\/index.php?rest_route=%2Fwp%2Fv2%2Ftags&post=595"}],"curies":[{"name":"wp","href":"https:\/\/api.w.org\/{rel}","templated":true}]}}