{"id":593,"date":"2014-05-16T13:56:23","date_gmt":"2014-05-16T11:56:23","guid":{"rendered":"http:\/\/levangilealecran.com?p=593"},"modified":"2014-05-16T13:56:23","modified_gmt":"2014-05-16T11:56:23","slug":"5e-dimanche-de-paques-a","status":"publish","type":"post","link":"https:\/\/levangilealecran.com\/?p=593","title":{"rendered":"5e dimanche de P\u00e2ques \u2013 A"},"content":{"rendered":"<p style=\"text-align: justify;\">\u00ab Croyez ce que je vous dis : je suis dans le P\u00e8re, et le P\u00e8re est en moi ; si vous ne croyez pas ma parole, croyez au moins \u00e0 cause des \u0153uvres.<br \/>\nAmen, amen, je vous le dis : celui qui croit en moi accomplira les m\u00eames \u0153uvres que moi. Il en accomplira m\u00eame de plus grandes, puisque je pars vers le P\u00e8re. \u00bb \u2013 Jn 14, 11-12<\/p>\n<p style=\"text-align: justify;\"><strong>&gt; \u00ab Si Dieu existait, il ne permettrait pas le mal. \u00bb \u00ab Je prie, mais je ne suis pas exauc\u00e9. \u00bb \u00ab Apr\u00e8s tout ce que j\u2019ai fait pour la paroisse\/l\u2019Eglise, je trouve que Dieu pourrait bien me rendre un peu la pareille ! \u00bb \u00ab Et si cette histoire de r\u00e9surrection n\u2019\u00e9tait qu\u2019une blague pour se rassurer ? \u00bb Face aux grands et aux petits probl\u00e8mes de la vie, il n\u2019est pas rare d\u2019entendre, voire de dire, ce genre de phrases. Mais quand nous oublions la parole de l\u2019Evangile, J\u00e9sus nous rassure : \u00ab croyez au moins \u00e0 cause des \u0153uvres \u00bb. Ce peut \u00eatre le regard ou le sourire de quelqu\u2019un, un message inattendu d\u2019un ami, une relation d\u2019aide fructueuse, un mouvement humanitaire ou social, bref, tout ce qui contribue \u00e0 rendre visible ici-bas l\u2019\u0153uvre du P\u00e8re qu\u2019a incarn\u00e9e le Christ. De m\u00eame, apr\u00e8s le d\u00e9part du Christ pour la demeure du P\u00e8re, ses disciples \u2013 que nous sommes \u2013 continuent \u00e0 manifester sa gloire dans les choses quotidiennes.<\/strong><\/p>\n<p style=\"text-align: justify;\"><strong>Cette semaine, soyons\u00a0attentifs aux signes de Dieu dans notre\u00a0vie et dans celle des autres. Prenons part \u00e0 la R\u00e9surrection du Christ en accomplissant de petites (ou grandes !) choses pour manifester sa Parole et t\u00e9moigner de son amour! Rendons gr\u00e2ces pour ce qui nous est donn\u00e9 de percevoir de Dieu tous les jours !<\/strong><\/p>\n","protected":false},"excerpt":{"rendered":"<p>\u00ab Croyez ce que je vous dis : je suis dans le P\u00e8re, et le P\u00e8re est en moi ; si vous ne croyez pas ma parole, croyez au moins \u00e0 cause des \u0153uvres. Amen, amen, je vous le dis : celui qui croit en moi accomplira les m\u00eames \u0153uvres que moi. Il en accomplira m\u00eame de plus grandes, puisque je pars vers le P\u00e8re. \u00bb \u2013 Jn 14, 11-12 &gt; \u00ab Si Dieu existait, il ne permettrait pas le mal. \u00bb \u00ab Je prie, mais je ne suis pas exauc\u00e9. \u00bb \u00ab Apr\u00e8s tout ce que j\u2019ai fait pour la paroisse\/l\u2019Eglise, je trouve que Dieu pourrait bien me rendre \u2026 <a class=\"continue-reading-link\" href=\"https:\/\/levangilealecran.com\/?p=593\"> Continue reading <span class=\"meta-nav\">&rarr; <\/span><\/a><\/p>\n","protected":false},"author":1,"featured_media":0,"comment_status":"open","ping_status":"open","sticky":false,"template":"","format":"standard","meta":{"footnotes":""},"categories":[4,5,73],"tags":[267,55,266],"class_list":["post-593","post","type-post","status-publish","format-standard","hentry","category-dimanche","category-jean","category-paques","tag-rendre-grace","tag-resurrection","tag-temoigner"],"_links":{"self":[{"href":"https:\/\/levangilealecran.com\/index.php?rest_route=\/wp\/v2\/posts\/593","targetHints":{"allow":["GET"]}}],"collection":[{"href":"https:\/\/levangilealecran.com\/index.php?rest_route=\/wp\/v2\/posts"}],"about":[{"href":"https:\/\/levangilealecran.com\/index.php?rest_route=\/wp\/v2\/types\/post"}],"author":[{"embeddable":true,"href":"https:\/\/levangilealecran.com\/index.php?rest_route=\/wp\/v2\/users\/1"}],"replies":[{"embeddable":true,"href":"https:\/\/levangilealecran.com\/index.php?rest_route=%2Fwp%2Fv2%2Fcomments&post=593"}],"version-history":[{"count":1,"href":"https:\/\/levangilealecran.com\/index.php?rest_route=\/wp\/v2\/posts\/593\/revisions"}],"predecessor-version":[{"id":594,"href":"https:\/\/levangilealecran.com\/index.php?rest_route=\/wp\/v2\/posts\/593\/revisions\/594"}],"wp:attachment":[{"href":"https:\/\/levangilealecran.com\/index.php?rest_route=%2Fwp%2Fv2%2Fmedia&parent=593"}],"wp:term":[{"taxonomy":"category","embeddable":true,"href":"https:\/\/levangilealecran.com\/index.php?rest_route=%2Fwp%2Fv2%2Fcategories&post=593"},{"taxonomy":"post_tag","embeddable":true,"href":"https:\/\/levangilealecran.com\/index.php?rest_route=%2Fwp%2Fv2%2Ftags&post=593"}],"curies":[{"name":"wp","href":"https:\/\/api.w.org\/{rel}","templated":true}]}}