{"id":588,"date":"2014-05-02T15:42:32","date_gmt":"2014-05-02T13:42:32","guid":{"rendered":"http:\/\/levangilealecran.com?p=588"},"modified":"2014-05-02T15:42:32","modified_gmt":"2014-05-02T13:42:32","slug":"3e-dimanche-de-paques-a","status":"publish","type":"post","link":"https:\/\/levangilealecran.com\/?p=588","title":{"rendered":"3e dimanche de P\u00e2ques &#8211; A"},"content":{"rendered":"<p style=\"text-align: justify;\">\u00ab Ils se dirent l\u2019un \u00e0 l\u2019autre : \u00ab\u00a0Notre c\u0153ur n\u2019\u00e9tait-il pas br\u00fblant en nous, tandis qu\u2019il nous parlait sur la route et nous ouvrait les \u00c9critures ?\u00a0\u00bb \u00bb Luc 24, 32<\/p>\n<p style=\"text-align: justify;\"><strong>&gt; Et nous, n\u2019avons-nous pas aussi un c\u0153ur br\u00fblant parfois lorsque nous\u00a0d\u00e9couvrons les myst\u00e8res de notre\u00a0foi, les tr\u00e9sors que rec\u00e8lent les \u00c9critures ? Lorsque nous\u00a0nous\u00a0apercevons que cette Parole nous\u00a0est bien destin\u00e9e, personnellement,\u00a0aujourd\u2019hui\u00a0?<\/strong><\/p>\n<p style=\"text-align: justify;\"><strong>Au lendemain de P\u00e2ques, laissons-nous\u00a0inviter \u00e0 laisser notre\u00a0c\u0153ur s\u2019emballer par telle ou telle parole des \u00c9critures car c\u2019est le Christ qui vient nous\u00a0parler comme il l\u2019a fait avec les disciples d\u2019Emma\u00fcs. Plongeons-nous un peu plus profond\u00e9ment dans la Bible en nous\u00a0laissant un peu de temps pour lire tel ou tel passage et le m\u00e9diter, en laissant le temps au Christ de nous\u00a0parler \u00e0 travers lui, de venir toucher notre\u00a0c\u0153ur.<\/strong><\/p>\n","protected":false},"excerpt":{"rendered":"<p>\u00ab Ils se dirent l\u2019un \u00e0 l\u2019autre : \u00ab\u00a0Notre c\u0153ur n\u2019\u00e9tait-il pas br\u00fblant en nous, tandis qu\u2019il nous parlait sur la route et nous ouvrait les \u00c9critures ?\u00a0\u00bb \u00bb Luc 24, 32 &gt; Et nous, n\u2019avons-nous pas aussi un c\u0153ur br\u00fblant parfois lorsque nous\u00a0d\u00e9couvrons les myst\u00e8res de notre\u00a0foi, les tr\u00e9sors que rec\u00e8lent les \u00c9critures ? Lorsque nous\u00a0nous\u00a0apercevons que cette Parole nous\u00a0est bien destin\u00e9e, personnellement,\u00a0aujourd\u2019hui\u00a0? Au lendemain de P\u00e2ques, laissons-nous\u00a0inviter \u00e0 laisser notre\u00a0c\u0153ur s\u2019emballer par telle ou telle parole des \u00c9critures car c\u2019est le Christ qui vient nous\u00a0parler comme il l\u2019a fait avec les disciples d\u2019Emma\u00fcs. Plongeons-nous un peu plus profond\u00e9ment dans la Bible en nous\u00a0laissant un peu de temps pour \u2026 <a class=\"continue-reading-link\" href=\"https:\/\/levangilealecran.com\/?p=588\"> Continue reading <span class=\"meta-nav\">&rarr; <\/span><\/a><\/p>\n","protected":false},"author":1,"featured_media":0,"comment_status":"open","ping_status":"open","sticky":false,"template":"","format":"standard","meta":{"footnotes":""},"categories":[4,6,73],"tags":[40,263,27,264,262,431],"class_list":["post-588","post","type-post","status-publish","format-standard","hentry","category-dimanche","category-luc","category-paques","tag-aujourdhui","tag-brulant","tag-coeur","tag-ecriture","tag-emmaus","tag-luc"],"_links":{"self":[{"href":"https:\/\/levangilealecran.com\/index.php?rest_route=\/wp\/v2\/posts\/588","targetHints":{"allow":["GET"]}}],"collection":[{"href":"https:\/\/levangilealecran.com\/index.php?rest_route=\/wp\/v2\/posts"}],"about":[{"href":"https:\/\/levangilealecran.com\/index.php?rest_route=\/wp\/v2\/types\/post"}],"author":[{"embeddable":true,"href":"https:\/\/levangilealecran.com\/index.php?rest_route=\/wp\/v2\/users\/1"}],"replies":[{"embeddable":true,"href":"https:\/\/levangilealecran.com\/index.php?rest_route=%2Fwp%2Fv2%2Fcomments&post=588"}],"version-history":[{"count":1,"href":"https:\/\/levangilealecran.com\/index.php?rest_route=\/wp\/v2\/posts\/588\/revisions"}],"predecessor-version":[{"id":589,"href":"https:\/\/levangilealecran.com\/index.php?rest_route=\/wp\/v2\/posts\/588\/revisions\/589"}],"wp:attachment":[{"href":"https:\/\/levangilealecran.com\/index.php?rest_route=%2Fwp%2Fv2%2Fmedia&parent=588"}],"wp:term":[{"taxonomy":"category","embeddable":true,"href":"https:\/\/levangilealecran.com\/index.php?rest_route=%2Fwp%2Fv2%2Fcategories&post=588"},{"taxonomy":"post_tag","embeddable":true,"href":"https:\/\/levangilealecran.com\/index.php?rest_route=%2Fwp%2Fv2%2Ftags&post=588"}],"curies":[{"name":"wp","href":"https:\/\/api.w.org\/{rel}","templated":true}]}}