{"id":558,"date":"2014-04-11T08:26:02","date_gmt":"2014-04-11T06:26:02","guid":{"rendered":"http:\/\/levangilealecran.com?p=558"},"modified":"2014-04-11T09:23:54","modified_gmt":"2014-04-11T07:23:54","slug":"dimanche-des-rameaux-a","status":"publish","type":"post","link":"https:\/\/levangilealecran.com\/?p=558","title":{"rendered":"Dimanche des Rameaux &#8211; A"},"content":{"rendered":"<p style=\"text-align: justify;\">\u00ab Il en a sauv\u00e9 d&rsquo;autres, et il ne peut pas se sauver lui-m\u00eame ! C&rsquo;est le roi d&rsquo;Isra\u00ebl : qu&rsquo;il descende maintenant de la croix et nous croirons en lui !<\/p>\n<p style=\"text-align: justify;\">Il a mis sa confiance en Dieu ; que Dieu le d\u00e9livre maintenant s&rsquo;il l&rsquo;aime ! Car il a dit : \u00ab\u00a0Je suis Fils de Dieu.\u00a0\u00bb \u00bb (Mt 27,42)<\/p>\n<p style=\"text-align: justify;\"><b>&gt; Et si J\u00e9sus \u00e9tait descendu \u00e0 cet instant de la croix? Aurions-nous cru en lui? Que serait-il rest\u00e9 de ce Dieu qui s&rsquo;abaisse pour prendre notre condition et notre mort? Que serait-il rest\u00e9 de notre libert\u00e9 d&rsquo;homme aim\u00e9 infiniment?<\/b><\/p>\n<p style=\"text-align: justify;\"><b>Au seuil de cette semaine sainte, nous vous proposons de m\u00e9diter avec c\u0153ur et intelligence la Passion du Christ pour accueillir et comprendre ce sacrifice fait pour nous, aujourd&rsquo;hui et pour l&rsquo;\u00e9ternit\u00e9.<\/b><\/p>\n","protected":false},"excerpt":{"rendered":"<p>\u00ab Il en a sauv\u00e9 d&rsquo;autres, et il ne peut pas se sauver lui-m\u00eame ! C&rsquo;est le roi d&rsquo;Isra\u00ebl : qu&rsquo;il descende maintenant de la croix et nous croirons en lui ! Il a mis sa confiance en Dieu ; que Dieu le d\u00e9livre maintenant s&rsquo;il l&rsquo;aime ! Car il a dit : \u00ab\u00a0Je suis Fils de Dieu.\u00a0\u00bb \u00bb (Mt 27,42) &gt; Et si J\u00e9sus \u00e9tait descendu \u00e0 cet instant de la croix? Aurions-nous cru en lui? Que serait-il rest\u00e9 de ce Dieu qui s&rsquo;abaisse pour prendre notre condition et notre mort? Que serait-il rest\u00e9 de notre libert\u00e9 d&rsquo;homme aim\u00e9 infiniment? Au seuil de cette semaine sainte, nous vous proposons \u2026 <a class=\"continue-reading-link\" href=\"https:\/\/levangilealecran.com\/?p=558\"> Continue reading <span class=\"meta-nav\">&rarr; <\/span><\/a><\/p>\n","protected":false},"author":1,"featured_media":0,"comment_status":"open","ping_status":"open","sticky":false,"template":"","format":"standard","meta":{"footnotes":""},"categories":[44,8],"tags":[16,68,433,63,59],"class_list":["post-558","post","type-post","status-publish","format-standard","hentry","category-careme","category-matthieu","tag-amour","tag-croix","tag-matthieu","tag-passion","tag-rameaux"],"_links":{"self":[{"href":"https:\/\/levangilealecran.com\/index.php?rest_route=\/wp\/v2\/posts\/558","targetHints":{"allow":["GET"]}}],"collection":[{"href":"https:\/\/levangilealecran.com\/index.php?rest_route=\/wp\/v2\/posts"}],"about":[{"href":"https:\/\/levangilealecran.com\/index.php?rest_route=\/wp\/v2\/types\/post"}],"author":[{"embeddable":true,"href":"https:\/\/levangilealecran.com\/index.php?rest_route=\/wp\/v2\/users\/1"}],"replies":[{"embeddable":true,"href":"https:\/\/levangilealecran.com\/index.php?rest_route=%2Fwp%2Fv2%2Fcomments&post=558"}],"version-history":[{"count":6,"href":"https:\/\/levangilealecran.com\/index.php?rest_route=\/wp\/v2\/posts\/558\/revisions"}],"predecessor-version":[{"id":564,"href":"https:\/\/levangilealecran.com\/index.php?rest_route=\/wp\/v2\/posts\/558\/revisions\/564"}],"wp:attachment":[{"href":"https:\/\/levangilealecran.com\/index.php?rest_route=%2Fwp%2Fv2%2Fmedia&parent=558"}],"wp:term":[{"taxonomy":"category","embeddable":true,"href":"https:\/\/levangilealecran.com\/index.php?rest_route=%2Fwp%2Fv2%2Fcategories&post=558"},{"taxonomy":"post_tag","embeddable":true,"href":"https:\/\/levangilealecran.com\/index.php?rest_route=%2Fwp%2Fv2%2Ftags&post=558"}],"curies":[{"name":"wp","href":"https:\/\/api.w.org\/{rel}","templated":true}]}}