{"id":554,"date":"2014-04-04T08:00:29","date_gmt":"2014-04-04T06:00:29","guid":{"rendered":"http:\/\/levangilealecran.com?p=554"},"modified":"2014-04-03T14:51:10","modified_gmt":"2014-04-03T12:51:10","slug":"5e-dimanche-de-careme-a","status":"publish","type":"post","link":"https:\/\/levangilealecran.com\/?p=554","title":{"rendered":"5e dimanche de Car\u00eame &#8211; A"},"content":{"rendered":"<p style=\"text-align: justify;\">J\u00e9sus lui dit [\u00e0 Marthe] : \u00ab Moi, je suis la r\u00e9surrection et la vie. Celui qui croit en moi, m\u00eame s&rsquo;il meurt, vivra ; et tout homme qui vit et qui croit en moi ne mourra jamais. Crois-tu cela ? \u00bb (Jn 11, 25-26)<\/p>\n<p style=\"text-align: justify;\"><strong>&gt; En ces temps de car\u00eame, cette question nous est pos\u00e9e aussi \u00e0 chacun de nous : crois-tu cela ? La r\u00e9surrection, c\u2019est litt\u00e9ralement in-croyable, pourtant J\u00e9sus nous invite au saut de la foi, de la confiance en lui et en Sa vie qui d\u00e9passe toute mort.<\/strong><\/p>\n<p style=\"text-align: justify;\"><strong>Alors, nous aussi, soyons porteur ou porteuse d\u2019esp\u00e9rance ! Au milieu des t\u00e9n\u00e8bres de la souffrance, du d\u00e9chirement ou du deuil qui entourent nos proches, soyons lumi\u00e8re r\u00e9confortante d\u2019esp\u00e9rance pour ceux-ci ! Cette semaine, il nous est propos\u00e9 donc de faire un geste concret pour signifier cette esp\u00e9rance \u00e0 quelqu\u2019un autour de nous qui, comme la famille de Lazare, souffre. Un geste d\u2019esp\u00e9rance, comme une lueur au c\u0153ur des t\u00e9n\u00e8bres.<\/strong><\/p>\n","protected":false},"excerpt":{"rendered":"<p>J\u00e9sus lui dit [\u00e0 Marthe] : \u00ab Moi, je suis la r\u00e9surrection et la vie. Celui qui croit en moi, m\u00eame s&rsquo;il meurt, vivra ; et tout homme qui vit et qui croit en moi ne mourra jamais. Crois-tu cela ? \u00bb (Jn 11, 25-26) &gt; En ces temps de car\u00eame, cette question nous est pos\u00e9e aussi \u00e0 chacun de nous : crois-tu cela ? La r\u00e9surrection, c\u2019est litt\u00e9ralement in-croyable, pourtant J\u00e9sus nous invite au saut de la foi, de la confiance en lui et en Sa vie qui d\u00e9passe toute mort. Alors, nous aussi, soyons porteur ou porteuse d\u2019esp\u00e9rance ! Au milieu des t\u00e9n\u00e8bres de la souffrance, du d\u00e9chirement \u2026 <a class=\"continue-reading-link\" href=\"https:\/\/levangilealecran.com\/?p=554\"> Continue reading <span class=\"meta-nav\">&rarr; <\/span><\/a><\/p>\n","protected":false},"author":1,"featured_media":0,"comment_status":"open","ping_status":"open","sticky":false,"template":"","format":"standard","meta":{"footnotes":""},"categories":[44,5],"tags":[47,76,430,130,55,253],"class_list":["post-554","post","type-post","status-publish","format-standard","hentry","category-careme","category-jean","tag-careme-2","tag-foi","tag-jean","tag-lazare","tag-resurrection","tag-souffrance"],"_links":{"self":[{"href":"https:\/\/levangilealecran.com\/index.php?rest_route=\/wp\/v2\/posts\/554","targetHints":{"allow":["GET"]}}],"collection":[{"href":"https:\/\/levangilealecran.com\/index.php?rest_route=\/wp\/v2\/posts"}],"about":[{"href":"https:\/\/levangilealecran.com\/index.php?rest_route=\/wp\/v2\/types\/post"}],"author":[{"embeddable":true,"href":"https:\/\/levangilealecran.com\/index.php?rest_route=\/wp\/v2\/users\/1"}],"replies":[{"embeddable":true,"href":"https:\/\/levangilealecran.com\/index.php?rest_route=%2Fwp%2Fv2%2Fcomments&post=554"}],"version-history":[{"count":1,"href":"https:\/\/levangilealecran.com\/index.php?rest_route=\/wp\/v2\/posts\/554\/revisions"}],"predecessor-version":[{"id":555,"href":"https:\/\/levangilealecran.com\/index.php?rest_route=\/wp\/v2\/posts\/554\/revisions\/555"}],"wp:attachment":[{"href":"https:\/\/levangilealecran.com\/index.php?rest_route=%2Fwp%2Fv2%2Fmedia&parent=554"}],"wp:term":[{"taxonomy":"category","embeddable":true,"href":"https:\/\/levangilealecran.com\/index.php?rest_route=%2Fwp%2Fv2%2Fcategories&post=554"},{"taxonomy":"post_tag","embeddable":true,"href":"https:\/\/levangilealecran.com\/index.php?rest_route=%2Fwp%2Fv2%2Ftags&post=554"}],"curies":[{"name":"wp","href":"https:\/\/api.w.org\/{rel}","templated":true}]}}