{"id":552,"date":"2014-03-28T16:23:07","date_gmt":"2014-03-28T15:23:07","guid":{"rendered":"http:\/\/levangilealecran.com?p=552"},"modified":"2014-03-28T16:23:07","modified_gmt":"2014-03-28T15:23:07","slug":"4e-dimanche-de-careme-a","status":"publish","type":"post","link":"https:\/\/levangilealecran.com\/?p=552","title":{"rendered":"4e dimanche de Car\u00eame &#8211; A"},"content":{"rendered":"<p style=\"text-align: justify;\">J\u00e9sus vint trouver l&rsquo;aveugle et lui dit: \u00ab\u00a0Crois-tu au Fils de l&rsquo;homme?\u00a0\u00bb Il r\u00e9pondit: \u00ab\u00a0Et qui est-il, Seigneur, pour que je croie en lui?\u00a0\u00bb J\u00e9sus lui dit: \u00ab\u00a0Tu le vois, et c&rsquo;est lui qui te parle.\u00a0\u00bb Il dit: \u00ab\u00a0Je crois, Seigneur\u00a0\u00bb, et il se prosterna devant lui. (Jean 9, 35-38)<\/p>\n<p style=\"text-align: justify;\"><strong>&gt; Comme souvent dans les \u00e9vangiles, l&rsquo;aveugle n&rsquo;est pas celui qu&rsquo;on croit. Dans ce passage, l&rsquo;aveugle de naissance est le seul \u00e0 voir qui est r\u00e9ellement J\u00e9sus. Cependant cette connaissance est progressive. Au d\u00e9but de l&rsquo;histoire, J\u00e9sus est d&rsquo;abord pour l&rsquo;aveugle un proph\u00e8te, puis Dieu, puis le Fils de l&rsquo;homme. L&rsquo;aveugle ne reste ainsi pas \u00e0 la connaissance de J\u00e9sus comme \u00e9tant celui qui l&rsquo;a gu\u00e9ri, mais cherche \u00e0 le conna\u00eetre plus en profondeur.<\/strong><\/p>\n<p style=\"text-align: justify;\"><strong>Le car\u00eame est un temps propice pour se tourner vers Dieu, donc \u00e9galement pour mieux le conna\u00eetre. Il nous est propos\u00e9 cette semaine de r\u00e9fl\u00e9chir \u00e0 ce que nous pourrions mettre sur pied ces prochains mois pour approfondir toujours plus notre connaissance de Dieu (lire la Bible r\u00e9guli\u00e8rement, suivre une formation, participer \u00e0 la vie de la paroisse, prendre part \u00e0 des groupes de partages, etc.)<\/strong><\/p>\n","protected":false},"excerpt":{"rendered":"<p>J\u00e9sus vint trouver l&rsquo;aveugle et lui dit: \u00ab\u00a0Crois-tu au Fils de l&rsquo;homme?\u00a0\u00bb Il r\u00e9pondit: \u00ab\u00a0Et qui est-il, Seigneur, pour que je croie en lui?\u00a0\u00bb J\u00e9sus lui dit: \u00ab\u00a0Tu le vois, et c&rsquo;est lui qui te parle.\u00a0\u00bb Il dit: \u00ab\u00a0Je crois, Seigneur\u00a0\u00bb, et il se prosterna devant lui. (Jean 9, 35-38) &gt; Comme souvent dans les \u00e9vangiles, l&rsquo;aveugle n&rsquo;est pas celui qu&rsquo;on croit. Dans ce passage, l&rsquo;aveugle de naissance est le seul \u00e0 voir qui est r\u00e9ellement J\u00e9sus. Cependant cette connaissance est progressive. Au d\u00e9but de l&rsquo;histoire, J\u00e9sus est d&rsquo;abord pour l&rsquo;aveugle un proph\u00e8te, puis Dieu, puis le Fils de l&rsquo;homme. L&rsquo;aveugle ne reste ainsi pas \u00e0 la connaissance de J\u00e9sus \u2026 <a class=\"continue-reading-link\" href=\"https:\/\/levangilealecran.com\/?p=552\"> Continue reading <span class=\"meta-nav\">&rarr; <\/span><\/a><\/p>\n","protected":false},"author":1,"featured_media":0,"comment_status":"open","ping_status":"open","sticky":false,"template":"","format":"standard","meta":{"footnotes":""},"categories":[44,5],"tags":[251,250,47,252,105,430],"class_list":["post-552","post","type-post","status-publish","format-standard","hentry","category-careme","category-jean","tag-approfondissement","tag-aveugle","tag-careme-2","tag-connaissance","tag-engagement","tag-jean"],"_links":{"self":[{"href":"https:\/\/levangilealecran.com\/index.php?rest_route=\/wp\/v2\/posts\/552","targetHints":{"allow":["GET"]}}],"collection":[{"href":"https:\/\/levangilealecran.com\/index.php?rest_route=\/wp\/v2\/posts"}],"about":[{"href":"https:\/\/levangilealecran.com\/index.php?rest_route=\/wp\/v2\/types\/post"}],"author":[{"embeddable":true,"href":"https:\/\/levangilealecran.com\/index.php?rest_route=\/wp\/v2\/users\/1"}],"replies":[{"embeddable":true,"href":"https:\/\/levangilealecran.com\/index.php?rest_route=%2Fwp%2Fv2%2Fcomments&post=552"}],"version-history":[{"count":1,"href":"https:\/\/levangilealecran.com\/index.php?rest_route=\/wp\/v2\/posts\/552\/revisions"}],"predecessor-version":[{"id":553,"href":"https:\/\/levangilealecran.com\/index.php?rest_route=\/wp\/v2\/posts\/552\/revisions\/553"}],"wp:attachment":[{"href":"https:\/\/levangilealecran.com\/index.php?rest_route=%2Fwp%2Fv2%2Fmedia&parent=552"}],"wp:term":[{"taxonomy":"category","embeddable":true,"href":"https:\/\/levangilealecran.com\/index.php?rest_route=%2Fwp%2Fv2%2Fcategories&post=552"},{"taxonomy":"post_tag","embeddable":true,"href":"https:\/\/levangilealecran.com\/index.php?rest_route=%2Fwp%2Fv2%2Ftags&post=552"}],"curies":[{"name":"wp","href":"https:\/\/api.w.org\/{rel}","templated":true}]}}