{"id":548,"date":"2014-03-14T08:44:42","date_gmt":"2014-03-14T07:44:42","guid":{"rendered":"http:\/\/levangilealecran.com?p=548"},"modified":"2014-03-14T08:44:42","modified_gmt":"2014-03-14T07:44:42","slug":"2e-dimanche-de-careme-a","status":"publish","type":"post","link":"https:\/\/levangilealecran.com\/?p=548","title":{"rendered":"2e dimanche de Car\u00eame &#8211; A"},"content":{"rendered":"<p style=\"text-align: justify;\">\u00ab\u00a0J\u00e9sus fut transfigur\u00e9 devant eux; son visage devint brillant comme le soleil, et ses v\u00eatements, blanc comme la lumi\u00e8re.\u00a0\u00bb (Matthieu 17,2)<\/p>\n<p style=\"text-align: justify;\"><strong>&gt; Dans son exhortation \u00ab\u00a0La joie de l&rsquo;Evangile\u00a0\u00bb, le Pape Fran\u00e7ois avait cette terrible phrase : \u00ab\u00a0<em>Il y a des Chr\u00e9tiens qui ont des t\u00eates de Car\u00eame sans P\u00e2ques !<\/em>\u00ab\u00a0. Trop souvent les participants aux cultes ou aux messes font des t\u00eates d&rsquo;enterrement, y compris sur le parvis en sortant. Les jeunes le notent et fuient ces c\u00e9l\u00e9brations en recherchant la compagnie de Chr\u00e9tiens enthousiastes.<\/strong><\/p>\n<p style=\"text-align: justify;\"><strong>Et si, cette semaine, nous essayions d&rsquo;\u00eatre des Chr\u00e9tiens enthousiastes &#8211; ce qui devrait \u00eatre un pl\u00e9onasme ! &#8211; dans notre propre paroisse, sur le parvis de notre communaut\u00e9 ? Et si nous annoncions aux autres le Ressuscit\u00e9, avec des visages transfigur\u00e9s, plut\u00f4t que d&rsquo;afficher le tombeau du vendredi saint sur nos faces de Car\u00eame ?<\/strong><\/p>\n","protected":false},"excerpt":{"rendered":"<p>\u00ab\u00a0J\u00e9sus fut transfigur\u00e9 devant eux; son visage devint brillant comme le soleil, et ses v\u00eatements, blanc comme la lumi\u00e8re.\u00a0\u00bb (Matthieu 17,2) &gt; Dans son exhortation \u00ab\u00a0La joie de l&rsquo;Evangile\u00a0\u00bb, le Pape Fran\u00e7ois avait cette terrible phrase : \u00ab\u00a0Il y a des Chr\u00e9tiens qui ont des t\u00eates de Car\u00eame sans P\u00e2ques !\u00ab\u00a0. Trop souvent les participants aux cultes ou aux messes font des t\u00eates d&rsquo;enterrement, y compris sur le parvis en sortant. Les jeunes le notent et fuient ces c\u00e9l\u00e9brations en recherchant la compagnie de Chr\u00e9tiens enthousiastes. Et si, cette semaine, nous essayions d&rsquo;\u00eatre des Chr\u00e9tiens enthousiastes &#8211; ce qui devrait \u00eatre un pl\u00e9onasme ! &#8211; dans notre propre paroisse, sur \u2026 <a class=\"continue-reading-link\" href=\"https:\/\/levangilealecran.com\/?p=548\"> Continue reading <span class=\"meta-nav\">&rarr; <\/span><\/a><\/p>\n","protected":false},"author":1,"featured_media":0,"comment_status":"open","ping_status":"open","sticky":false,"template":"","format":"standard","meta":{"footnotes":""},"categories":[44,8],"tags":[47,247,75,433,49],"class_list":["post-548","post","type-post","status-publish","format-standard","hentry","category-careme","category-matthieu","tag-careme-2","tag-enthousiasme","tag-joie","tag-matthieu","tag-transfiguration"],"_links":{"self":[{"href":"https:\/\/levangilealecran.com\/index.php?rest_route=\/wp\/v2\/posts\/548","targetHints":{"allow":["GET"]}}],"collection":[{"href":"https:\/\/levangilealecran.com\/index.php?rest_route=\/wp\/v2\/posts"}],"about":[{"href":"https:\/\/levangilealecran.com\/index.php?rest_route=\/wp\/v2\/types\/post"}],"author":[{"embeddable":true,"href":"https:\/\/levangilealecran.com\/index.php?rest_route=\/wp\/v2\/users\/1"}],"replies":[{"embeddable":true,"href":"https:\/\/levangilealecran.com\/index.php?rest_route=%2Fwp%2Fv2%2Fcomments&post=548"}],"version-history":[{"count":1,"href":"https:\/\/levangilealecran.com\/index.php?rest_route=\/wp\/v2\/posts\/548\/revisions"}],"predecessor-version":[{"id":549,"href":"https:\/\/levangilealecran.com\/index.php?rest_route=\/wp\/v2\/posts\/548\/revisions\/549"}],"wp:attachment":[{"href":"https:\/\/levangilealecran.com\/index.php?rest_route=%2Fwp%2Fv2%2Fmedia&parent=548"}],"wp:term":[{"taxonomy":"category","embeddable":true,"href":"https:\/\/levangilealecran.com\/index.php?rest_route=%2Fwp%2Fv2%2Fcategories&post=548"},{"taxonomy":"post_tag","embeddable":true,"href":"https:\/\/levangilealecran.com\/index.php?rest_route=%2Fwp%2Fv2%2Ftags&post=548"}],"curies":[{"name":"wp","href":"https:\/\/api.w.org\/{rel}","templated":true}]}}