{"id":541,"date":"2014-02-21T14:52:28","date_gmt":"2014-02-21T13:52:28","guid":{"rendered":"http:\/\/levangilealecran.com?p=541"},"modified":"2014-02-21T14:52:45","modified_gmt":"2014-02-21T13:52:45","slug":"7e-dimanche-a","status":"publish","type":"post","link":"https:\/\/levangilealecran.com\/?p=541","title":{"rendered":"7e dimanche &#8211; A"},"content":{"rendered":"<p style=\"text-align: justify;\">\u00ab\u00a0Vous avez appris qu&rsquo;il a \u00e9t\u00e9 dit: \u0152il pour \u0153il, dent pour dent. Eh bien moi, je vous dis de ne pas riposter au m\u00e9chant; mais si quelqu&rsquo;un te gifle sur la joue droite, tends-lui encore l&rsquo;autre.\u00a0\u00bb (Mt 5, 38-39)<\/p>\n<p style=\"text-align: justify;\"><strong>&gt; Dans ces versets et ceux qui suivent, il y a un va-et-vient r\u00e9gulier entre les \u00ab\u00a0Vous avez appris\u00a0\u00bb et les \u00ab\u00a0Eh bien moi, je vous dis\u00a0\u00bb. Avec le Christ, nous entrons dans une autre logique, qui n&rsquo;est pas celle du calcul math\u00e9matique, mais celle de l&rsquo;amour, qui nous invite \u00e0 sortir de nous-m\u00eames pour aller vers l&rsquo;autre.<\/strong><\/p>\n<p style=\"text-align: justify;\"><strong>Cette semaine, quand nous vivons une situation difficile, blessante ou de col\u00e8re, prenons du temps avant de r\u00e9pondre et ainsi demander au Christ de nous montrer les chemins qui peuvent s&rsquo;ouvrir \u00e0 nous, dans sa logique de vie.<\/strong><\/p>\n","protected":false},"excerpt":{"rendered":"<p>\u00ab\u00a0Vous avez appris qu&rsquo;il a \u00e9t\u00e9 dit: \u0152il pour \u0153il, dent pour dent. Eh bien moi, je vous dis de ne pas riposter au m\u00e9chant; mais si quelqu&rsquo;un te gifle sur la joue droite, tends-lui encore l&rsquo;autre.\u00a0\u00bb (Mt 5, 38-39) &gt; Dans ces versets et ceux qui suivent, il y a un va-et-vient r\u00e9gulier entre les \u00ab\u00a0Vous avez appris\u00a0\u00bb et les \u00ab\u00a0Eh bien moi, je vous dis\u00a0\u00bb. Avec le Christ, nous entrons dans une autre logique, qui n&rsquo;est pas celle du calcul math\u00e9matique, mais celle de l&rsquo;amour, qui nous invite \u00e0 sortir de nous-m\u00eames pour aller vers l&rsquo;autre. Cette semaine, quand nous vivons une situation difficile, blessante ou de col\u00e8re, \u2026 <a class=\"continue-reading-link\" href=\"https:\/\/levangilealecran.com\/?p=541\"> Continue reading <span class=\"meta-nav\">&rarr; <\/span><\/a><\/p>\n","protected":false},"author":1,"featured_media":0,"comment_status":"open","ping_status":"open","sticky":false,"template":"","format":"standard","meta":{"footnotes":""},"categories":[4,8],"tags":[243,16,433,242,241],"class_list":["post-541","post","type-post","status-publish","format-standard","hentry","category-dimanche","category-matthieu","tag-3e-voie","tag-amour","tag-matthieu","tag-prendre-le-temps","tag-sermon-sur-la-montagne"],"_links":{"self":[{"href":"https:\/\/levangilealecran.com\/index.php?rest_route=\/wp\/v2\/posts\/541","targetHints":{"allow":["GET"]}}],"collection":[{"href":"https:\/\/levangilealecran.com\/index.php?rest_route=\/wp\/v2\/posts"}],"about":[{"href":"https:\/\/levangilealecran.com\/index.php?rest_route=\/wp\/v2\/types\/post"}],"author":[{"embeddable":true,"href":"https:\/\/levangilealecran.com\/index.php?rest_route=\/wp\/v2\/users\/1"}],"replies":[{"embeddable":true,"href":"https:\/\/levangilealecran.com\/index.php?rest_route=%2Fwp%2Fv2%2Fcomments&post=541"}],"version-history":[{"count":2,"href":"https:\/\/levangilealecran.com\/index.php?rest_route=\/wp\/v2\/posts\/541\/revisions"}],"predecessor-version":[{"id":543,"href":"https:\/\/levangilealecran.com\/index.php?rest_route=\/wp\/v2\/posts\/541\/revisions\/543"}],"wp:attachment":[{"href":"https:\/\/levangilealecran.com\/index.php?rest_route=%2Fwp%2Fv2%2Fmedia&parent=541"}],"wp:term":[{"taxonomy":"category","embeddable":true,"href":"https:\/\/levangilealecran.com\/index.php?rest_route=%2Fwp%2Fv2%2Fcategories&post=541"},{"taxonomy":"post_tag","embeddable":true,"href":"https:\/\/levangilealecran.com\/index.php?rest_route=%2Fwp%2Fv2%2Ftags&post=541"}],"curies":[{"name":"wp","href":"https:\/\/api.w.org\/{rel}","templated":true}]}}