{"id":538,"date":"2014-02-14T11:32:36","date_gmt":"2014-02-14T10:32:36","guid":{"rendered":"http:\/\/levangilealecran.com?p=538"},"modified":"2014-02-14T11:32:36","modified_gmt":"2014-02-14T10:32:36","slug":"6e-dimanche-a","status":"publish","type":"post","link":"https:\/\/levangilealecran.com\/?p=538","title":{"rendered":"6e dimanche &#8211; A"},"content":{"rendered":"<p style=\"text-align: justify;\">\u00ab Donc, lorsque tu vas pr\u00e9senter ton offrande sur l&rsquo;autel, si, l\u00e0, tu te souviens que ton fr\u00e8re a quelque chose contre toi,\u00a0laisse ton offrande l\u00e0, devant l&rsquo;autel, va d&rsquo;abord te r\u00e9concilier avec ton fr\u00e8re, et ensuite viens pr\u00e9senter ton offrande.\u00a0\u00bb &#8211; Mt 5, 23-24<\/p>\n<p style=\"text-align: justify;\"><strong>&gt; Ce passage du Sermon sur la Montagne est bien connu et nous rappelle les bienfaits du pardon et de la r\u00e9conciliation avec notre prochain. Louable attitude que de reconna\u00eetre sa faute, de demander pardon et d\u2019aller se r\u00e9concilier avec son \u00ab\u00a0fr\u00e8re\u00a0\u00bb. Mais lisons attentivement\u00a0: ici il ne s\u2019agit pas de sa propre faute, mais de la faute de son fr\u00e8re \u00e0 son \u00e9gard\u00a0!<\/strong><\/p>\n<p style=\"text-align: justify;\"><strong>Cette semaine, essayons (ce n\u2019est pas facile, mais essayons !) d\u2019aller vers quelqu\u2019un qui est f\u00e2ch\u00e9 contre nous, qui nous en veut ou qui nous a fait du mal. Accordons-lui notre pardon, discutons ensemble et r\u00e9concilions-nous\u00a0! N&rsquo;est-il pas en effet plus facile de demander pardon que de l\u2019accorder d\u2019embl\u00e9e\u00a0? Le pardon n\u2019est pas un but en soi, mais un chemin (parfois co\u00fbteux et difficile) de lib\u00e9ration vers\u00a0Celui qui le premier nous a pardonn\u00e9\u00a0: le Christ en Croix !<\/strong><\/p>\n","protected":false},"excerpt":{"rendered":"<p>\u00ab Donc, lorsque tu vas pr\u00e9senter ton offrande sur l&rsquo;autel, si, l\u00e0, tu te souviens que ton fr\u00e8re a quelque chose contre toi,\u00a0laisse ton offrande l\u00e0, devant l&rsquo;autel, va d&rsquo;abord te r\u00e9concilier avec ton fr\u00e8re, et ensuite viens pr\u00e9senter ton offrande.\u00a0\u00bb &#8211; Mt 5, 23-24 &gt; Ce passage du Sermon sur la Montagne est bien connu et nous rappelle les bienfaits du pardon et de la r\u00e9conciliation avec notre prochain. Louable attitude que de reconna\u00eetre sa faute, de demander pardon et d\u2019aller se r\u00e9concilier avec son \u00ab\u00a0fr\u00e8re\u00a0\u00bb. Mais lisons attentivement\u00a0: ici il ne s\u2019agit pas de sa propre faute, mais de la faute de son fr\u00e8re \u00e0 son \u00e9gard\u00a0! Cette \u2026 <a class=\"continue-reading-link\" href=\"https:\/\/levangilealecran.com\/?p=538\"> Continue reading <span class=\"meta-nav\">&rarr; <\/span><\/a><\/p>\n","protected":false},"author":1,"featured_media":0,"comment_status":"open","ping_status":"open","sticky":false,"template":"","format":"standard","meta":{"footnotes":""},"categories":[4,8],"tags":[433,199,240,239],"class_list":["post-538","post","type-post","status-publish","format-standard","hentry","category-dimanche","category-matthieu","tag-matthieu","tag-pardon","tag-premier-pas","tag-reconciliation"],"_links":{"self":[{"href":"https:\/\/levangilealecran.com\/index.php?rest_route=\/wp\/v2\/posts\/538","targetHints":{"allow":["GET"]}}],"collection":[{"href":"https:\/\/levangilealecran.com\/index.php?rest_route=\/wp\/v2\/posts"}],"about":[{"href":"https:\/\/levangilealecran.com\/index.php?rest_route=\/wp\/v2\/types\/post"}],"author":[{"embeddable":true,"href":"https:\/\/levangilealecran.com\/index.php?rest_route=\/wp\/v2\/users\/1"}],"replies":[{"embeddable":true,"href":"https:\/\/levangilealecran.com\/index.php?rest_route=%2Fwp%2Fv2%2Fcomments&post=538"}],"version-history":[{"count":1,"href":"https:\/\/levangilealecran.com\/index.php?rest_route=\/wp\/v2\/posts\/538\/revisions"}],"predecessor-version":[{"id":539,"href":"https:\/\/levangilealecran.com\/index.php?rest_route=\/wp\/v2\/posts\/538\/revisions\/539"}],"wp:attachment":[{"href":"https:\/\/levangilealecran.com\/index.php?rest_route=%2Fwp%2Fv2%2Fmedia&parent=538"}],"wp:term":[{"taxonomy":"category","embeddable":true,"href":"https:\/\/levangilealecran.com\/index.php?rest_route=%2Fwp%2Fv2%2Fcategories&post=538"},{"taxonomy":"post_tag","embeddable":true,"href":"https:\/\/levangilealecran.com\/index.php?rest_route=%2Fwp%2Fv2%2Ftags&post=538"}],"curies":[{"name":"wp","href":"https:\/\/api.w.org\/{rel}","templated":true}]}}