{"id":521,"date":"2013-12-27T11:37:02","date_gmt":"2013-12-27T10:37:02","guid":{"rendered":"http:\/\/levangilealecran.com?p=521"},"modified":"2013-12-28T23:31:32","modified_gmt":"2013-12-28T22:31:32","slug":"sainte-famille-a","status":"publish","type":"post","link":"https:\/\/levangilealecran.com\/?p=521","title":{"rendered":"Sainte Famille &#8211; A"},"content":{"rendered":"<p style=\"text-align: justify;\">\u00ab\u00a0Il se retira dans la r\u00e9gion de Galil\u00e9e et vint s&rsquo;\u00e9tablir dans une ville appel\u00e9e Nazareth.\u00a0\u00bb Mt 2,22-23<\/p>\n<p style=\"text-align: justify;\"><strong>&gt; Nazareth, voil\u00e0 le petit village o\u00f9 Joseph d\u00e9cide de se retirer pour y vivre avec sa sainte famille, et c&rsquo;est l\u00e0 que J\u00e9sus vivra ses 30 ann\u00e9es de vie \u00ab\u00a0cach\u00e9e\u00a0\u00bb.<\/strong><\/p>\n<p style=\"text-align: justify;\"><strong>A l&rsquo;image de la sainte famille, et au moment des f\u00eates de fin d&rsquo;ann\u00e9e, nous pouvons nous demander si nous nous retirons suffisamment du brouhaha de notre vie quotidienne et des choses peut-\u00eatre pas toujours essentielles pour prendre soin nous aussi de notre famille&#8230;<\/strong><\/p>\n","protected":false},"excerpt":{"rendered":"<p>\u00ab\u00a0Il se retira dans la r\u00e9gion de Galil\u00e9e et vint s&rsquo;\u00e9tablir dans une ville appel\u00e9e Nazareth.\u00a0\u00bb Mt 2,22-23 &gt; Nazareth, voil\u00e0 le petit village o\u00f9 Joseph d\u00e9cide de se retirer pour y vivre avec sa sainte famille, et c&rsquo;est l\u00e0 que J\u00e9sus vivra ses 30 ann\u00e9es de vie \u00ab\u00a0cach\u00e9e\u00a0\u00bb. A l&rsquo;image de la sainte famille, et au moment des f\u00eates de fin d&rsquo;ann\u00e9e, nous pouvons nous demander si nous nous retirons suffisamment du brouhaha de notre vie quotidienne et des choses peut-\u00eatre pas toujours essentielles pour prendre soin nous aussi de notre famille&#8230;<\/p>\n","protected":false},"author":1,"featured_media":0,"comment_status":"open","ping_status":"open","sticky":false,"template":"","format":"standard","meta":{"footnotes":""},"categories":[4,8,201],"tags":[224,433,25,225],"class_list":["post-521","post","type-post","status-publish","format-standard","hentry","category-dimanche","category-matthieu","category-noel","tag-famille","tag-matthieu","tag-sainte-famille","tag-se-retirer"],"_links":{"self":[{"href":"https:\/\/levangilealecran.com\/index.php?rest_route=\/wp\/v2\/posts\/521","targetHints":{"allow":["GET"]}}],"collection":[{"href":"https:\/\/levangilealecran.com\/index.php?rest_route=\/wp\/v2\/posts"}],"about":[{"href":"https:\/\/levangilealecran.com\/index.php?rest_route=\/wp\/v2\/types\/post"}],"author":[{"embeddable":true,"href":"https:\/\/levangilealecran.com\/index.php?rest_route=\/wp\/v2\/users\/1"}],"replies":[{"embeddable":true,"href":"https:\/\/levangilealecran.com\/index.php?rest_route=%2Fwp%2Fv2%2Fcomments&post=521"}],"version-history":[{"count":3,"href":"https:\/\/levangilealecran.com\/index.php?rest_route=\/wp\/v2\/posts\/521\/revisions"}],"predecessor-version":[{"id":524,"href":"https:\/\/levangilealecran.com\/index.php?rest_route=\/wp\/v2\/posts\/521\/revisions\/524"}],"wp:attachment":[{"href":"https:\/\/levangilealecran.com\/index.php?rest_route=%2Fwp%2Fv2%2Fmedia&parent=521"}],"wp:term":[{"taxonomy":"category","embeddable":true,"href":"https:\/\/levangilealecran.com\/index.php?rest_route=%2Fwp%2Fv2%2Fcategories&post=521"},{"taxonomy":"post_tag","embeddable":true,"href":"https:\/\/levangilealecran.com\/index.php?rest_route=%2Fwp%2Fv2%2Ftags&post=521"}],"curies":[{"name":"wp","href":"https:\/\/api.w.org\/{rel}","templated":true}]}}