{"id":496,"date":"2013-12-25T07:00:56","date_gmt":"2013-12-25T06:00:56","guid":{"rendered":"http:\/\/levangilealecran.com?p=496"},"modified":"2013-12-25T07:01:27","modified_gmt":"2013-12-25T06:01:27","slug":"noel-2013","status":"publish","type":"post","link":"https:\/\/levangilealecran.com\/?p=496","title":{"rendered":"No\u00ebl 2013"},"content":{"rendered":"<p style=\"text-align: justify;\">\u00ab\u00a0Il \u00e9tait dans le monde, lui par qui le monde s\u2019\u00e9tait fait, mais le monde ne l\u2019a pas reconnu. (\u2026) Mais tous ceux qui l\u2019ont re\u00e7u, ceux qui croient en son nom, il leur a donn\u00e9 de pouvoir devenir enfants de Dieu.\u00a0\u00bb (Jean 1,10.12)<\/p>\n<p style=\"text-align: justify;\"><strong>&gt; J\u2019esp\u00e8re que nous ne sommes pas trop habitu\u00e9s \u00e0 f\u00eater No\u00ebl : cette f\u00eate devrait toujours nous surprendre. Mais qu\u2019est-ce qui est le plus \u00e9tonnant ? Que le cr\u00e9ateur vienne dans le monde (et comment !), ou qu\u2019il veuille faire partager sa vie \u00e0 des enfants adoptifs ? Deux faces du m\u00eame ab\u00eeme de stup\u00e9faction : Dieu descend\u00a0jusqu\u2019\u00e0\u00a0nous pour nous \u00e9lever \u00e0 lui.<\/strong><\/p>\n<p>&nbsp;<\/p>\n","protected":false},"excerpt":{"rendered":"<p>\u00ab\u00a0Il \u00e9tait dans le monde, lui par qui le monde s\u2019\u00e9tait fait, mais le monde ne l\u2019a pas reconnu. (\u2026) Mais tous ceux qui l\u2019ont re\u00e7u, ceux qui croient en son nom, il leur a donn\u00e9 de pouvoir devenir enfants de Dieu.\u00a0\u00bb (Jean 1,10.12) &gt; J\u2019esp\u00e8re que nous ne sommes pas trop habitu\u00e9s \u00e0 f\u00eater No\u00ebl : cette f\u00eate devrait toujours nous surprendre. Mais qu\u2019est-ce qui est le plus \u00e9tonnant ? Que le cr\u00e9ateur vienne dans le monde (et comment !), ou qu\u2019il veuille faire partager sa vie \u00e0 des enfants adoptifs ? Deux faces du m\u00eame ab\u00eeme de stup\u00e9faction : Dieu descend\u00a0jusqu\u2019\u00e0\u00a0nous pour nous \u00e9lever \u00e0 lui. &nbsp;<\/p>\n","protected":false},"author":1,"featured_media":0,"comment_status":"open","ping_status":"open","sticky":false,"template":"","format":"standard","meta":{"footnotes":""},"categories":[24,5,201],"tags":[221,222,430,223],"class_list":["post-496","post","type-post","status-publish","format-standard","hentry","category-fetes","category-jean","category-noel","tag-etonnant","tag-incarnation","tag-jean","tag-stupefaction"],"_links":{"self":[{"href":"https:\/\/levangilealecran.com\/index.php?rest_route=\/wp\/v2\/posts\/496","targetHints":{"allow":["GET"]}}],"collection":[{"href":"https:\/\/levangilealecran.com\/index.php?rest_route=\/wp\/v2\/posts"}],"about":[{"href":"https:\/\/levangilealecran.com\/index.php?rest_route=\/wp\/v2\/types\/post"}],"author":[{"embeddable":true,"href":"https:\/\/levangilealecran.com\/index.php?rest_route=\/wp\/v2\/users\/1"}],"replies":[{"embeddable":true,"href":"https:\/\/levangilealecran.com\/index.php?rest_route=%2Fwp%2Fv2%2Fcomments&post=496"}],"version-history":[{"count":3,"href":"https:\/\/levangilealecran.com\/index.php?rest_route=\/wp\/v2\/posts\/496\/revisions"}],"predecessor-version":[{"id":519,"href":"https:\/\/levangilealecran.com\/index.php?rest_route=\/wp\/v2\/posts\/496\/revisions\/519"}],"wp:attachment":[{"href":"https:\/\/levangilealecran.com\/index.php?rest_route=%2Fwp%2Fv2%2Fmedia&parent=496"}],"wp:term":[{"taxonomy":"category","embeddable":true,"href":"https:\/\/levangilealecran.com\/index.php?rest_route=%2Fwp%2Fv2%2Fcategories&post=496"},{"taxonomy":"post_tag","embeddable":true,"href":"https:\/\/levangilealecran.com\/index.php?rest_route=%2Fwp%2Fv2%2Ftags&post=496"}],"curies":[{"name":"wp","href":"https:\/\/api.w.org\/{rel}","templated":true}]}}