{"id":492,"date":"2013-12-23T07:00:57","date_gmt":"2013-12-23T06:00:57","guid":{"rendered":"http:\/\/levangilealecran.com?p=492"},"modified":"2013-12-23T07:03:05","modified_gmt":"2013-12-23T06:03:05","slug":"avent-2013-jour-23","status":"publish","type":"post","link":"https:\/\/levangilealecran.com\/?p=492","title":{"rendered":"Avent 2013 &#8211; Jour 23"},"content":{"rendered":"<p style=\"text-align: justify;\">\u00ab\u00a0Il ( Zacharie) demanda une tablette et \u00e9crivit ces mots : \u00ab\u00a0Son nom est\u00a0Jean\u00a0\u00bb; et tous furent \u00e9tonn\u00e9s. A l&rsquo;instant, sa bouche et sa langue\u00a0furent lib\u00e9r\u00e9s et il parlait, b\u00e9nissant DIeu.\u00a0\u00bb (Luc 1, 63-64).<\/p>\n<p style=\"text-align: justify;\"><strong>&gt; En toute rigueur ex\u00e9g\u00e9tique, le mutisme de Zacharie \u00e9tait une punition\u00a0de son incr\u00e9dulit\u00e9 \u00e0 l&rsquo;annonce, par l&rsquo;ange Gabriel, de la naissance de\u00a0son fils (cf 1, 20). Il me pla\u00eet \u00e0 croire cependant que, dans ce silence\u00a0impos\u00e9, Dieu faisait \u00e0 Zacharie la gr\u00e2ce &#8230; d&rsquo;\u00eatre dispens\u00e9 de parler!<\/strong><\/p>\n<p style=\"text-align: justify;\"><strong>Du reste, le nom m\u00eame qu&rsquo;il devait \u00e9crire, avant que de pouvoir enfin le\u00a0dire, ne signifie-t-il pas, justement, \u00ab\u00a0Dieu fait gr\u00e2ce\u00a0\u00bb (Yohanan)?<\/strong><\/p>\n<p style=\"text-align: justify;\"><strong>Prendre le temps, nous aussi, de nous taire &#8211; fut-ce le temps\u00a0d&rsquo;une grossesse &#8211; pour mieux entendre la promesse \u00e0 laquelle nous peinions\u00a0\u00e0 croire&#8230;<\/strong><\/p>\n","protected":false},"excerpt":{"rendered":"<p>\u00ab\u00a0Il ( Zacharie) demanda une tablette et \u00e9crivit ces mots : \u00ab\u00a0Son nom est\u00a0Jean\u00a0\u00bb; et tous furent \u00e9tonn\u00e9s. A l&rsquo;instant, sa bouche et sa langue\u00a0furent lib\u00e9r\u00e9s et il parlait, b\u00e9nissant DIeu.\u00a0\u00bb (Luc 1, 63-64). &gt; En toute rigueur ex\u00e9g\u00e9tique, le mutisme de Zacharie \u00e9tait une punition\u00a0de son incr\u00e9dulit\u00e9 \u00e0 l&rsquo;annonce, par l&rsquo;ange Gabriel, de la naissance de\u00a0son fils (cf 1, 20). Il me pla\u00eet \u00e0 croire cependant que, dans ce silence\u00a0impos\u00e9, Dieu faisait \u00e0 Zacharie la gr\u00e2ce &#8230; d&rsquo;\u00eatre dispens\u00e9 de parler! Du reste, le nom m\u00eame qu&rsquo;il devait \u00e9crire, avant que de pouvoir enfin le\u00a0dire, ne signifie-t-il pas, justement, \u00ab\u00a0Dieu fait gr\u00e2ce\u00a0\u00bb (Yohanan)? Prendre le temps, nous aussi, de \u2026 <a class=\"continue-reading-link\" href=\"https:\/\/levangilealecran.com\/?p=492\"> Continue reading <span class=\"meta-nav\">&rarr; <\/span><\/a><\/p>\n","protected":false},"author":1,"featured_media":0,"comment_status":"open","ping_status":"open","sticky":false,"template":"","format":"standard","meta":{"footnotes":""},"categories":[147,6],"tags":[206,431,208,207,189,110,186],"class_list":["post-492","post","type-post","status-publish","format-standard","hentry","category-avent-2","category-luc","tag-grace","tag-luc","tag-promesse","tag-se-taire","tag-silence","tag-temps","tag-zacharie"],"_links":{"self":[{"href":"https:\/\/levangilealecran.com\/index.php?rest_route=\/wp\/v2\/posts\/492","targetHints":{"allow":["GET"]}}],"collection":[{"href":"https:\/\/levangilealecran.com\/index.php?rest_route=\/wp\/v2\/posts"}],"about":[{"href":"https:\/\/levangilealecran.com\/index.php?rest_route=\/wp\/v2\/types\/post"}],"author":[{"embeddable":true,"href":"https:\/\/levangilealecran.com\/index.php?rest_route=\/wp\/v2\/users\/1"}],"replies":[{"embeddable":true,"href":"https:\/\/levangilealecran.com\/index.php?rest_route=%2Fwp%2Fv2%2Fcomments&post=492"}],"version-history":[{"count":3,"href":"https:\/\/levangilealecran.com\/index.php?rest_route=\/wp\/v2\/posts\/492\/revisions"}],"predecessor-version":[{"id":499,"href":"https:\/\/levangilealecran.com\/index.php?rest_route=\/wp\/v2\/posts\/492\/revisions\/499"}],"wp:attachment":[{"href":"https:\/\/levangilealecran.com\/index.php?rest_route=%2Fwp%2Fv2%2Fmedia&parent=492"}],"wp:term":[{"taxonomy":"category","embeddable":true,"href":"https:\/\/levangilealecran.com\/index.php?rest_route=%2Fwp%2Fv2%2Fcategories&post=492"},{"taxonomy":"post_tag","embeddable":true,"href":"https:\/\/levangilealecran.com\/index.php?rest_route=%2Fwp%2Fv2%2Ftags&post=492"}],"curies":[{"name":"wp","href":"https:\/\/api.w.org\/{rel}","templated":true}]}}