{"id":486,"date":"2013-12-20T07:00:21","date_gmt":"2013-12-20T06:00:21","guid":{"rendered":"http:\/\/levangilealecran.com?p=486"},"modified":"2013-12-09T10:28:53","modified_gmt":"2013-12-09T09:28:53","slug":"avent-2013-jour-20","status":"publish","type":"post","link":"https:\/\/levangilealecran.com\/?p=486","title":{"rendered":"Avent 2013 &#8211; Jour 20"},"content":{"rendered":"<p style=\"text-align: justify;\">\u00ab L&rsquo;ange lui r\u00e9pondit: \u201cLe Saint-Esprit viendra sur toi et la puissance du Tr\u00e8s-Haut te couvrira de son ombre. C&rsquo;est pourquoi le saint enfant qui na\u00eetra sera appel\u00e9 Fils de Dieu.\u201d \u00bb Lc 1,35<\/p>\n<p style=\"text-align: justify;\"><strong>&gt; Comme le souffle sur les eaux de la Cr\u00e9ation, comme la nu\u00e9e devant le peuple de l&rsquo;Exode, l&rsquo;Esprit de Dieu vient reposer sur Marie. En ce temps d&rsquo;Avent, il veut venir reposer sur chacun de nous. Alors les ombres obscures de nos peurs et de nos doutes deviendront l&rsquo;ombre lumineuse de sa pr\u00e9sence. Et il ouvrira en nous les chemins de la confiance.<\/strong><\/p>\n","protected":false},"excerpt":{"rendered":"<p>\u00ab L&rsquo;ange lui r\u00e9pondit: \u201cLe Saint-Esprit viendra sur toi et la puissance du Tr\u00e8s-Haut te couvrira de son ombre. C&rsquo;est pourquoi le saint enfant qui na\u00eetra sera appel\u00e9 Fils de Dieu.\u201d \u00bb Lc 1,35 &gt; Comme le souffle sur les eaux de la Cr\u00e9ation, comme la nu\u00e9e devant le peuple de l&rsquo;Exode, l&rsquo;Esprit de Dieu vient reposer sur Marie. En ce temps d&rsquo;Avent, il veut venir reposer sur chacun de nous. Alors les ombres obscures de nos peurs et de nos doutes deviendront l&rsquo;ombre lumineuse de sa pr\u00e9sence. Et il ouvrira en nous les chemins de la confiance.<\/p>\n","protected":false},"author":1,"featured_media":0,"comment_status":"open","ping_status":"open","sticky":false,"template":"","format":"standard","meta":{"footnotes":""},"categories":[147,6],"tags":[26,220,431,219,94],"class_list":["post-486","post","type-post","status-publish","format-standard","hentry","category-avent-2","category-luc","tag-confiance","tag-esprit","tag-luc","tag-ombre","tag-presence"],"_links":{"self":[{"href":"https:\/\/levangilealecran.com\/index.php?rest_route=\/wp\/v2\/posts\/486","targetHints":{"allow":["GET"]}}],"collection":[{"href":"https:\/\/levangilealecran.com\/index.php?rest_route=\/wp\/v2\/posts"}],"about":[{"href":"https:\/\/levangilealecran.com\/index.php?rest_route=\/wp\/v2\/types\/post"}],"author":[{"embeddable":true,"href":"https:\/\/levangilealecran.com\/index.php?rest_route=\/wp\/v2\/users\/1"}],"replies":[{"embeddable":true,"href":"https:\/\/levangilealecran.com\/index.php?rest_route=%2Fwp%2Fv2%2Fcomments&post=486"}],"version-history":[{"count":2,"href":"https:\/\/levangilealecran.com\/index.php?rest_route=\/wp\/v2\/posts\/486\/revisions"}],"predecessor-version":[{"id":516,"href":"https:\/\/levangilealecran.com\/index.php?rest_route=\/wp\/v2\/posts\/486\/revisions\/516"}],"wp:attachment":[{"href":"https:\/\/levangilealecran.com\/index.php?rest_route=%2Fwp%2Fv2%2Fmedia&parent=486"}],"wp:term":[{"taxonomy":"category","embeddable":true,"href":"https:\/\/levangilealecran.com\/index.php?rest_route=%2Fwp%2Fv2%2Fcategories&post=486"},{"taxonomy":"post_tag","embeddable":true,"href":"https:\/\/levangilealecran.com\/index.php?rest_route=%2Fwp%2Fv2%2Ftags&post=486"}],"curies":[{"name":"wp","href":"https:\/\/api.w.org\/{rel}","templated":true}]}}