{"id":480,"date":"2013-12-17T07:00:35","date_gmt":"2013-12-17T06:00:35","guid":{"rendered":"http:\/\/levangilealecran.com?p=480"},"modified":"2013-12-09T10:37:49","modified_gmt":"2013-12-09T09:37:49","slug":"avent-2013-jour-17","status":"publish","type":"post","link":"https:\/\/levangilealecran.com\/?p=480","title":{"rendered":"Avent 2013 &#8211; Jour 17"},"content":{"rendered":"<p style=\"text-align: justify;\">\u00ab\u00a0Livre des origines de J\u00e9sus Christ, fils de David, fils d&rsquo;Abraham : Abraham engendra Isaac, Isaac engendra Jacob, Jacob engendra Juda et ses fr\u00e8res&#8230;\u00a0\u00bb (Matthieu 1,1-2)<\/p>\n<p style=\"text-align: justify;\"><strong>&gt; J\u00e9sus est le fils, le petit-fils, l\u2019arri\u00e8re petit-fils d\u2019hommes et de femmes grands ou modestes, brillants ou obscurs, qui chacun \u00e0 leur mani\u00e8re ont v\u00e9cu sous le regard de Dieu. Je suis moi aussi le fils, la fille d\u2019une cha\u00eene d\u2019hommes et de femmes, \u00e0 qui je dois d\u2019avoir transmis jusqu\u2019\u00e0 moi le don pr\u00e9cieux de la vie.<\/strong><\/p>\n<p style=\"text-align: justify;\"><strong>L&rsquo;occasion d&rsquo;avoir une pens\u00e9e pour eux en ce jour ?<\/strong><\/p>\n","protected":false},"excerpt":{"rendered":"<p>\u00ab\u00a0Livre des origines de J\u00e9sus Christ, fils de David, fils d&rsquo;Abraham : Abraham engendra Isaac, Isaac engendra Jacob, Jacob engendra Juda et ses fr\u00e8res&#8230;\u00a0\u00bb (Matthieu 1,1-2) &gt; J\u00e9sus est le fils, le petit-fils, l\u2019arri\u00e8re petit-fils d\u2019hommes et de femmes grands ou modestes, brillants ou obscurs, qui chacun \u00e0 leur mani\u00e8re ont v\u00e9cu sous le regard de Dieu. Je suis moi aussi le fils, la fille d\u2019une cha\u00eene d\u2019hommes et de femmes, \u00e0 qui je dois d\u2019avoir transmis jusqu\u2019\u00e0 moi le don pr\u00e9cieux de la vie. L&rsquo;occasion d&rsquo;avoir une pens\u00e9e pour eux en ce jour ?<\/p>\n","protected":false},"author":1,"featured_media":0,"comment_status":"open","ping_status":"open","sticky":false,"template":"","format":"standard","meta":{"footnotes":""},"categories":[147,8],"tags":[217,216,433,218],"class_list":["post-480","post","type-post","status-publish","format-standard","hentry","category-avent-2","category-matthieu","tag-ancetres","tag-genealogie","tag-matthieu","tag-reconnaissance"],"_links":{"self":[{"href":"https:\/\/levangilealecran.com\/index.php?rest_route=\/wp\/v2\/posts\/480","targetHints":{"allow":["GET"]}}],"collection":[{"href":"https:\/\/levangilealecran.com\/index.php?rest_route=\/wp\/v2\/posts"}],"about":[{"href":"https:\/\/levangilealecran.com\/index.php?rest_route=\/wp\/v2\/types\/post"}],"author":[{"embeddable":true,"href":"https:\/\/levangilealecran.com\/index.php?rest_route=\/wp\/v2\/users\/1"}],"replies":[{"embeddable":true,"href":"https:\/\/levangilealecran.com\/index.php?rest_route=%2Fwp%2Fv2%2Fcomments&post=480"}],"version-history":[{"count":5,"href":"https:\/\/levangilealecran.com\/index.php?rest_route=\/wp\/v2\/posts\/480\/revisions"}],"predecessor-version":[{"id":520,"href":"https:\/\/levangilealecran.com\/index.php?rest_route=\/wp\/v2\/posts\/480\/revisions\/520"}],"wp:attachment":[{"href":"https:\/\/levangilealecran.com\/index.php?rest_route=%2Fwp%2Fv2%2Fmedia&parent=480"}],"wp:term":[{"taxonomy":"category","embeddable":true,"href":"https:\/\/levangilealecran.com\/index.php?rest_route=%2Fwp%2Fv2%2Fcategories&post=480"},{"taxonomy":"post_tag","embeddable":true,"href":"https:\/\/levangilealecran.com\/index.php?rest_route=%2Fwp%2Fv2%2Ftags&post=480"}],"curies":[{"name":"wp","href":"https:\/\/api.w.org\/{rel}","templated":true}]}}