{"id":478,"date":"2013-12-16T07:00:16","date_gmt":"2013-12-16T06:00:16","guid":{"rendered":"http:\/\/levangilealecran.com?p=478"},"modified":"2013-12-02T11:25:59","modified_gmt":"2013-12-02T10:25:59","slug":"avent-2013-jour-16","status":"publish","type":"post","link":"https:\/\/levangilealecran.com\/?p=478","title":{"rendered":"Avent 2013 &#8211; Jour 16"},"content":{"rendered":"<p style=\"text-align: justify;\">\u00ab Ils r\u00e9pondirent donc \u00e0 J\u00e9sus : \u00ab Nous ne savons pas ! \u00bb Il leur dit \u00e0 son tour : \u00ab Moi non plus, je ne vous dirai pas par quelle autorit\u00e9 je fais cela. \u00bb Matthieu 21,27<\/p>\n<p style=\"text-align: justify;\"><strong>&gt; Moi non plus je ne sais pas, et j\u2019aimerais encore demander \u00e0 J\u00e9sus : Es-tu le Messie ? Es-tu celui qui doit venir ? Es-tu le Roi des rois ? Es-tu le Sauveur ? Es-tu l\u2019Emmanuel, pour toujours avec nous ? Mais J\u00e9sus ne donne pas les r\u00e9ponses, il se laisse annoncer, tout particuli\u00e8rement durant ce temps de l\u2019Avent! Nous aussi, nous pouvons \u00eatre des signes de sa venue !<\/strong><\/p>\n","protected":false},"excerpt":{"rendered":"<p>\u00ab Ils r\u00e9pondirent donc \u00e0 J\u00e9sus : \u00ab Nous ne savons pas ! \u00bb Il leur dit \u00e0 son tour : \u00ab Moi non plus, je ne vous dirai pas par quelle autorit\u00e9 je fais cela. \u00bb Matthieu 21,27 &gt; Moi non plus je ne sais pas, et j\u2019aimerais encore demander \u00e0 J\u00e9sus : Es-tu le Messie ? Es-tu celui qui doit venir ? Es-tu le Roi des rois ? Es-tu le Sauveur ? Es-tu l\u2019Emmanuel, pour toujours avec nous ? Mais J\u00e9sus ne donne pas les r\u00e9ponses, il se laisse annoncer, tout particuli\u00e8rement durant ce temps de l\u2019Avent! Nous aussi, nous pouvons \u00eatre des signes de sa venue !<\/p>\n","protected":false},"author":1,"featured_media":0,"comment_status":"open","ping_status":"open","sticky":false,"template":"","format":"standard","meta":{"footnotes":""},"categories":[147,8],"tags":[60,183,433,180,184,185,182,13],"class_list":["post-478","post","type-post","status-publish","format-standard","hentry","category-avent-2","category-matthieu","tag-ecoute","tag-emmanuel","tag-matthieu","tag-messie","tag-questions","tag-reponses","tag-roi","tag-sauveur"],"_links":{"self":[{"href":"https:\/\/levangilealecran.com\/index.php?rest_route=\/wp\/v2\/posts\/478","targetHints":{"allow":["GET"]}}],"collection":[{"href":"https:\/\/levangilealecran.com\/index.php?rest_route=\/wp\/v2\/posts"}],"about":[{"href":"https:\/\/levangilealecran.com\/index.php?rest_route=\/wp\/v2\/types\/post"}],"author":[{"embeddable":true,"href":"https:\/\/levangilealecran.com\/index.php?rest_route=\/wp\/v2\/users\/1"}],"replies":[{"embeddable":true,"href":"https:\/\/levangilealecran.com\/index.php?rest_route=%2Fwp%2Fv2%2Fcomments&post=478"}],"version-history":[{"count":2,"href":"https:\/\/levangilealecran.com\/index.php?rest_route=\/wp\/v2\/posts\/478\/revisions"}],"predecessor-version":[{"id":506,"href":"https:\/\/levangilealecran.com\/index.php?rest_route=\/wp\/v2\/posts\/478\/revisions\/506"}],"wp:attachment":[{"href":"https:\/\/levangilealecran.com\/index.php?rest_route=%2Fwp%2Fv2%2Fmedia&parent=478"}],"wp:term":[{"taxonomy":"category","embeddable":true,"href":"https:\/\/levangilealecran.com\/index.php?rest_route=%2Fwp%2Fv2%2Fcategories&post=478"},{"taxonomy":"post_tag","embeddable":true,"href":"https:\/\/levangilealecran.com\/index.php?rest_route=%2Fwp%2Fv2%2Ftags&post=478"}],"curies":[{"name":"wp","href":"https:\/\/api.w.org\/{rel}","templated":true}]}}