{"id":472,"date":"2013-12-14T07:00:48","date_gmt":"2013-12-14T06:00:48","guid":{"rendered":"http:\/\/levangilealecran.com?p=472"},"modified":"2013-12-02T08:31:15","modified_gmt":"2013-12-02T07:31:15","slug":"avent-2013-jour-14","status":"publish","type":"post","link":"https:\/\/levangilealecran.com\/?p=472","title":{"rendered":"Avent 2013 &#8211; Jour 14"},"content":{"rendered":"<p style=\"text-align: justify;\">\u00ab \u2018Le Fils de l&rsquo;homme, lui aussi, va souffrir par eux.\u2019 Alors les disciples comprirent qu&rsquo;il leur parlait de Jean le Baptiste. \u00bb Matthieu 17, 12-13<\/p>\n<p style=\"text-align: justify;\"><strong>&gt; Dans tout l\u2019Evangile, l\u2019expression \u00ab le Fils de l\u2019homme \u00bb n\u2019est utilis\u00e9e que par J\u00e9sus pour parler de lui-m\u00eame&#8230; Sauf ici o\u00f9, selon la compr\u00e9hension des disciples, il s\u2019agirait de Jean le Baptiste.<\/strong><\/p>\n<p style=\"text-align: justify;\"><strong>C\u2019est pour moi un indice qui invite chaque homme et chaque femme \u00e0 \u00eatre un(e) \u00ab Fils de l\u2019homme \u00bb, (malgr\u00e9 la tournure masculine de cette expression) qui annonce le Royaume de Dieu, avec parfois le chemin d\u2019\u00e9preuve que cela comporte.<\/strong><\/p>\n<p style=\"text-align: justify;\"><strong>Comment vais-je annoncer, aujourd\u2019hui, la venue du Royaume et \u00eatre un(e) pr\u00e9curseur ?<\/strong><\/p>\n","protected":false},"excerpt":{"rendered":"<p>\u00ab \u2018Le Fils de l&rsquo;homme, lui aussi, va souffrir par eux.\u2019 Alors les disciples comprirent qu&rsquo;il leur parlait de Jean le Baptiste. \u00bb Matthieu 17, 12-13 &gt; Dans tout l\u2019Evangile, l\u2019expression \u00ab le Fils de l\u2019homme \u00bb n\u2019est utilis\u00e9e que par J\u00e9sus pour parler de lui-m\u00eame&#8230; Sauf ici o\u00f9, selon la compr\u00e9hension des disciples, il s\u2019agirait de Jean le Baptiste. C\u2019est pour moi un indice qui invite chaque homme et chaque femme \u00e0 \u00eatre un(e) \u00ab Fils de l\u2019homme \u00bb, (malgr\u00e9 la tournure masculine de cette expression) qui annonce le Royaume de Dieu, avec parfois le chemin d\u2019\u00e9preuve que cela comporte. Comment vais-je annoncer, aujourd\u2019hui, la venue du Royaume et \u2026 <a class=\"continue-reading-link\" href=\"https:\/\/levangilealecran.com\/?p=472\"> Continue reading <span class=\"meta-nav\">&rarr; <\/span><\/a><\/p>\n","protected":false},"author":1,"featured_media":0,"comment_status":"open","ping_status":"open","sticky":false,"template":"","format":"standard","meta":{"footnotes":""},"categories":[147,8],"tags":[164,174,433,175],"class_list":["post-472","post","type-post","status-publish","format-standard","hentry","category-avent-2","category-matthieu","tag-annonce","tag-fils-de-lhomme","tag-matthieu","tag-royaume"],"_links":{"self":[{"href":"https:\/\/levangilealecran.com\/index.php?rest_route=\/wp\/v2\/posts\/472","targetHints":{"allow":["GET"]}}],"collection":[{"href":"https:\/\/levangilealecran.com\/index.php?rest_route=\/wp\/v2\/posts"}],"about":[{"href":"https:\/\/levangilealecran.com\/index.php?rest_route=\/wp\/v2\/types\/post"}],"author":[{"embeddable":true,"href":"https:\/\/levangilealecran.com\/index.php?rest_route=\/wp\/v2\/users\/1"}],"replies":[{"embeddable":true,"href":"https:\/\/levangilealecran.com\/index.php?rest_route=%2Fwp%2Fv2%2Fcomments&post=472"}],"version-history":[{"count":1,"href":"https:\/\/levangilealecran.com\/index.php?rest_route=\/wp\/v2\/posts\/472\/revisions"}],"predecessor-version":[{"id":473,"href":"https:\/\/levangilealecran.com\/index.php?rest_route=\/wp\/v2\/posts\/472\/revisions\/473"}],"wp:attachment":[{"href":"https:\/\/levangilealecran.com\/index.php?rest_route=%2Fwp%2Fv2%2Fmedia&parent=472"}],"wp:term":[{"taxonomy":"category","embeddable":true,"href":"https:\/\/levangilealecran.com\/index.php?rest_route=%2Fwp%2Fv2%2Fcategories&post=472"},{"taxonomy":"post_tag","embeddable":true,"href":"https:\/\/levangilealecran.com\/index.php?rest_route=%2Fwp%2Fv2%2Ftags&post=472"}],"curies":[{"name":"wp","href":"https:\/\/api.w.org\/{rel}","templated":true}]}}