{"id":470,"date":"2013-12-12T07:00:25","date_gmt":"2013-12-12T06:00:25","guid":{"rendered":"http:\/\/levangilealecran.com?p=470"},"modified":"2013-12-12T07:03:12","modified_gmt":"2013-12-12T06:03:12","slug":"avent-2013-jour-12","status":"publish","type":"post","link":"https:\/\/levangilealecran.com\/?p=470","title":{"rendered":"Avent 2013 &#8211; Jour 12"},"content":{"rendered":"<p>\u00ab Amen, je vous le dis : Parmi les hommes, il n\u2019en a pas exist\u00e9 de plus grand que Jean Baptiste ; et cependant le plus petit dans le Royaume des cieux est plus grand que lui. \u00bb (Matthieu 11,11)<\/p>\n<p><strong>&gt; Jean le Baptiseur, c\u2019est l\u2019homme de la Loi. C\u2019est la rigueur, c\u2019est l\u2019exigence, c\u2019est la justice. C\u2019est aussi l\u2019homme du courage, qui n\u2019h\u00e9site pas \u00e0 interpeller les puissants quand ils fautent. Un mod\u00e8le pour les enfants du Royaume. Mais ces derniers re\u00e7oivent en plus la gr\u00e2ce, l\u2019enthousiasme, la tendresse, la joie, en un mot la charit\u00e9. C\u2019est leur grandeur.<\/strong><\/p>\n<p>&nbsp;<\/p>\n","protected":false},"excerpt":{"rendered":"<p>\u00ab Amen, je vous le dis : Parmi les hommes, il n\u2019en a pas exist\u00e9 de plus grand que Jean Baptiste ; et cependant le plus petit dans le Royaume des cieux est plus grand que lui. \u00bb (Matthieu 11,11) &gt; Jean le Baptiseur, c\u2019est l\u2019homme de la Loi. C\u2019est la rigueur, c\u2019est l\u2019exigence, c\u2019est la justice. C\u2019est aussi l\u2019homme du courage, qui n\u2019h\u00e9site pas \u00e0 interpeller les puissants quand ils fautent. Un mod\u00e8le pour les enfants du Royaume. Mais ces derniers re\u00e7oivent en plus la gr\u00e2ce, l\u2019enthousiasme, la tendresse, la joie, en un mot la charit\u00e9. C\u2019est leur grandeur. &nbsp;<\/p>\n","protected":false},"author":1,"featured_media":0,"comment_status":"open","ping_status":"open","sticky":false,"template":"","format":"standard","meta":{"footnotes":""},"categories":[147,8],"tags":[213,51,206,169,75,134,433],"class_list":["post-470","post","type-post","status-publish","format-standard","hentry","category-avent-2","category-matthieu","tag-charite","tag-courage","tag-grace","tag-jean-baptiste","tag-joie","tag-justice","tag-matthieu"],"_links":{"self":[{"href":"https:\/\/levangilealecran.com\/index.php?rest_route=\/wp\/v2\/posts\/470","targetHints":{"allow":["GET"]}}],"collection":[{"href":"https:\/\/levangilealecran.com\/index.php?rest_route=\/wp\/v2\/posts"}],"about":[{"href":"https:\/\/levangilealecran.com\/index.php?rest_route=\/wp\/v2\/types\/post"}],"author":[{"embeddable":true,"href":"https:\/\/levangilealecran.com\/index.php?rest_route=\/wp\/v2\/users\/1"}],"replies":[{"embeddable":true,"href":"https:\/\/levangilealecran.com\/index.php?rest_route=%2Fwp%2Fv2%2Fcomments&post=470"}],"version-history":[{"count":3,"href":"https:\/\/levangilealecran.com\/index.php?rest_route=\/wp\/v2\/posts\/470\/revisions"}],"predecessor-version":[{"id":505,"href":"https:\/\/levangilealecran.com\/index.php?rest_route=\/wp\/v2\/posts\/470\/revisions\/505"}],"wp:attachment":[{"href":"https:\/\/levangilealecran.com\/index.php?rest_route=%2Fwp%2Fv2%2Fmedia&parent=470"}],"wp:term":[{"taxonomy":"category","embeddable":true,"href":"https:\/\/levangilealecran.com\/index.php?rest_route=%2Fwp%2Fv2%2Fcategories&post=470"},{"taxonomy":"post_tag","embeddable":true,"href":"https:\/\/levangilealecran.com\/index.php?rest_route=%2Fwp%2Fv2%2Ftags&post=470"}],"curies":[{"name":"wp","href":"https:\/\/api.w.org\/{rel}","templated":true}]}}