{"id":468,"date":"2013-12-11T07:00:59","date_gmt":"2013-12-11T06:00:59","guid":{"rendered":"http:\/\/levangilealecran.com?p=468"},"modified":"2013-12-11T07:06:29","modified_gmt":"2013-12-11T06:06:29","slug":"avent-2013-jour-11","status":"publish","type":"post","link":"https:\/\/levangilealecran.com\/?p=468","title":{"rendered":"Avent 2013 &#8211; Jour 11"},"content":{"rendered":"<p style=\"text-align: justify;\">\u00ab Prenez sur vous mon joug et mettez-vous \u00e0 mon \u00e9cole, car je suis doux et humble de c\u0153ur, et vous trouverez le repos de vos \u00e2mes. \u00bb Matthieu 11,29, traduction TOB.<\/p>\n<p style=\"text-align: justify;\"><strong>&gt; Curieux que pour trouver le repos de nos \u00e2mes, pour nous all\u00e9ger de nos peines et de nos soucis, le Christ nous propose de nous alourdir de son joug en plus de ce qui pose d\u00e9j\u00e0 sur nos fr\u00eales \u00e9paules !<\/strong><\/p>\n<p style=\"text-align: justify;\"><strong>Porter le joug, c&rsquo;est engager toute sa personne pour se mettre en mouvement. Au milieu des \u00ab tu dois \u00bb, des \u00ab je devrais \u00bb et des \u00ab c&rsquo;est comme \u00e7a que \u00e7a doit \u00eatre \u00bb de notre monde qui alourdissent notre charrue, le Christ nous invite \u00e0 engager toute notre personne \u00e0 sa suite.<\/strong><\/p>\n<p style=\"text-align: justify;\"><strong>A la d\u00e9couverte de celui qui vient dans l&rsquo;humilit\u00e9 et la douceur nous mettre en mouvement pour une justice qui n&rsquo;est pas de ce monde.<\/strong><\/p>\n","protected":false},"excerpt":{"rendered":"<p>\u00ab Prenez sur vous mon joug et mettez-vous \u00e0 mon \u00e9cole, car je suis doux et humble de c\u0153ur, et vous trouverez le repos de vos \u00e2mes. \u00bb Matthieu 11,29, traduction TOB. &gt; Curieux que pour trouver le repos de nos \u00e2mes, pour nous all\u00e9ger de nos peines et de nos soucis, le Christ nous propose de nous alourdir de son joug en plus de ce qui pose d\u00e9j\u00e0 sur nos fr\u00eales \u00e9paules ! Porter le joug, c&rsquo;est engager toute sa personne pour se mettre en mouvement. Au milieu des \u00ab tu dois \u00bb, des \u00ab je devrais \u00bb et des \u00ab c&rsquo;est comme \u00e7a que \u00e7a doit \u00eatre \u00bb \u2026 <a class=\"continue-reading-link\" href=\"https:\/\/levangilealecran.com\/?p=468\"> Continue reading <span class=\"meta-nav\">&rarr; <\/span><\/a><\/p>\n","protected":false},"author":1,"featured_media":0,"comment_status":"open","ping_status":"open","sticky":false,"template":"","format":"standard","meta":{"footnotes":""},"categories":[147,8],"tags":[105,173,134,433],"class_list":["post-468","post","type-post","status-publish","format-standard","hentry","category-avent-2","category-matthieu","tag-engagement","tag-joug","tag-justice","tag-matthieu"],"_links":{"self":[{"href":"https:\/\/levangilealecran.com\/index.php?rest_route=\/wp\/v2\/posts\/468","targetHints":{"allow":["GET"]}}],"collection":[{"href":"https:\/\/levangilealecran.com\/index.php?rest_route=\/wp\/v2\/posts"}],"about":[{"href":"https:\/\/levangilealecran.com\/index.php?rest_route=\/wp\/v2\/types\/post"}],"author":[{"embeddable":true,"href":"https:\/\/levangilealecran.com\/index.php?rest_route=\/wp\/v2\/users\/1"}],"replies":[{"embeddable":true,"href":"https:\/\/levangilealecran.com\/index.php?rest_route=%2Fwp%2Fv2%2Fcomments&post=468"}],"version-history":[{"count":1,"href":"https:\/\/levangilealecran.com\/index.php?rest_route=\/wp\/v2\/posts\/468\/revisions"}],"predecessor-version":[{"id":469,"href":"https:\/\/levangilealecran.com\/index.php?rest_route=\/wp\/v2\/posts\/468\/revisions\/469"}],"wp:attachment":[{"href":"https:\/\/levangilealecran.com\/index.php?rest_route=%2Fwp%2Fv2%2Fmedia&parent=468"}],"wp:term":[{"taxonomy":"category","embeddable":true,"href":"https:\/\/levangilealecran.com\/index.php?rest_route=%2Fwp%2Fv2%2Fcategories&post=468"},{"taxonomy":"post_tag","embeddable":true,"href":"https:\/\/levangilealecran.com\/index.php?rest_route=%2Fwp%2Fv2%2Ftags&post=468"}],"curies":[{"name":"wp","href":"https:\/\/api.w.org\/{rel}","templated":true}]}}