{"id":464,"date":"2013-12-09T07:00:03","date_gmt":"2013-12-09T06:00:03","guid":{"rendered":"http:\/\/levangilealecran.com?p=464"},"modified":"2013-12-09T07:03:04","modified_gmt":"2013-12-09T06:03:04","slug":"avent-2013-jour-9","status":"publish","type":"post","link":"https:\/\/levangilealecran.com\/?p=464","title":{"rendered":"Avent 2013 &#8211; Jour 9"},"content":{"rendered":"<p style=\"text-align: justify;\">\u00ab L&rsquo;ange lui r\u00e9pondit : \u00ab\u00a0L&rsquo;Esprit Saint viendra sur toi et la puissance du Tr\u00e8s-Haut te couvrira de son ombre: c&rsquo;est pourquoi ce qui va na\u00eetre sera saint et sera appel\u00e9 Fils de Dieu\u00a0\u00bb. \u00bb (Luc 1,35)<\/p>\n<p style=\"text-align: justify;\"><strong>&gt; Dans ce verset bien connu, le texte grec dit \u00abce qui va na\u00eetre\u00bb, au neutre, et non pas \u00abcelui qui va na\u00eetre\u00bb, au masculin. L\u00e0, dans le ventre maternel, l&rsquo;amas de cellules est encore indistinct, mais commence \u00e0 prendre forme \u00e0 la parole de l&rsquo;ange. <\/strong><\/p>\n<p style=\"text-align: justify;\"><strong>Longtemps au c\u0153ur de nos entrailles, des d\u00e9sirs et potentialit\u00e9s de vie demeurent informes, incertains. Et pourtant, ils devront na\u00eetre, t\u00f4t ou tard, et r\u00e9pondre \u00e0 l&rsquo;appel adress\u00e9. Quel nom donnerons-nous \u00e0 cet ind\u00e9termin\u00e9 que nous aurons conduit \u00e0 la vie?<\/strong><\/p>\n<p style=\"text-align: justify;\">\n","protected":false},"excerpt":{"rendered":"<p>\u00ab L&rsquo;ange lui r\u00e9pondit : \u00ab\u00a0L&rsquo;Esprit Saint viendra sur toi et la puissance du Tr\u00e8s-Haut te couvrira de son ombre: c&rsquo;est pourquoi ce qui va na\u00eetre sera saint et sera appel\u00e9 Fils de Dieu\u00a0\u00bb. \u00bb (Luc 1,35) &gt; Dans ce verset bien connu, le texte grec dit \u00abce qui va na\u00eetre\u00bb, au neutre, et non pas \u00abcelui qui va na\u00eetre\u00bb, au masculin. L\u00e0, dans le ventre maternel, l&rsquo;amas de cellules est encore indistinct, mais commence \u00e0 prendre forme \u00e0 la parole de l&rsquo;ange. Longtemps au c\u0153ur de nos entrailles, des d\u00e9sirs et potentialit\u00e9s de vie demeurent informes, incertains. Et pourtant, ils devront na\u00eetre, t\u00f4t ou tard, et r\u00e9pondre \u00e0 l&rsquo;appel \u2026 <a class=\"continue-reading-link\" href=\"https:\/\/levangilealecran.com\/?p=464\"> Continue reading <span class=\"meta-nav\">&rarr; <\/span><\/a><\/p>\n","protected":false},"author":1,"featured_media":0,"comment_status":"open","ping_status":"open","sticky":false,"template":"","format":"standard","meta":{"footnotes":""},"categories":[147,24,6],"tags":[171,170,431,172,52],"class_list":["post-464","post","type-post","status-publish","format-standard","hentry","category-avent-2","category-fetes","category-luc","tag-desirs","tag-immaculee","tag-luc","tag-naitre","tag-vie"],"_links":{"self":[{"href":"https:\/\/levangilealecran.com\/index.php?rest_route=\/wp\/v2\/posts\/464","targetHints":{"allow":["GET"]}}],"collection":[{"href":"https:\/\/levangilealecran.com\/index.php?rest_route=\/wp\/v2\/posts"}],"about":[{"href":"https:\/\/levangilealecran.com\/index.php?rest_route=\/wp\/v2\/types\/post"}],"author":[{"embeddable":true,"href":"https:\/\/levangilealecran.com\/index.php?rest_route=\/wp\/v2\/users\/1"}],"replies":[{"embeddable":true,"href":"https:\/\/levangilealecran.com\/index.php?rest_route=%2Fwp%2Fv2%2Fcomments&post=464"}],"version-history":[{"count":2,"href":"https:\/\/levangilealecran.com\/index.php?rest_route=\/wp\/v2\/posts\/464\/revisions"}],"predecessor-version":[{"id":511,"href":"https:\/\/levangilealecran.com\/index.php?rest_route=\/wp\/v2\/posts\/464\/revisions\/511"}],"wp:attachment":[{"href":"https:\/\/levangilealecran.com\/index.php?rest_route=%2Fwp%2Fv2%2Fmedia&parent=464"}],"wp:term":[{"taxonomy":"category","embeddable":true,"href":"https:\/\/levangilealecran.com\/index.php?rest_route=%2Fwp%2Fv2%2Fcategories&post=464"},{"taxonomy":"post_tag","embeddable":true,"href":"https:\/\/levangilealecran.com\/index.php?rest_route=%2Fwp%2Fv2%2Ftags&post=464"}],"curies":[{"name":"wp","href":"https:\/\/api.w.org\/{rel}","templated":true}]}}