{"id":462,"date":"2013-12-08T07:00:37","date_gmt":"2013-12-08T06:00:37","guid":{"rendered":"http:\/\/levangilealecran.com?p=462"},"modified":"2013-12-02T08:30:43","modified_gmt":"2013-12-02T07:30:43","slug":"avent-2013-jour-8","status":"publish","type":"post","link":"https:\/\/levangilealecran.com\/?p=462","title":{"rendered":"Avent 2013 &#8211; Jour 8"},"content":{"rendered":"<p style=\"text-align: justify;\">\u00ab Jean avait un v\u00eatement de poils de chameau, et une ceinture de cuir autour des reins. Il se nourrissait de sauterelles et de miel sauvage. \u00bb Matthieu 3,4<\/p>\n<p style=\"text-align: justify;\"><strong>&gt; Ce verset, tout simple, nous rappelle, en cette p\u00e9riode de No\u00ebl, trop marqu\u00e9e par un consum\u00e9risme effr\u00e9n\u00e9, que le message du Christ est avant tout celui de la simplicit\u00e9 et du partage.<\/strong><\/p>\n<p style=\"text-align: justify;\"><strong>Le superflu qui nous entoure est-il vital ? Ne serions-nous pas plus heureux et sereins avec moins de mat\u00e9riel et plus de spirituel ? Voil\u00e0 des questions que les chr\u00e9tiens pourraient se poser en ces p\u00e9riodes de f\u00eates.<\/strong><\/p>\n","protected":false},"excerpt":{"rendered":"<p>\u00ab Jean avait un v\u00eatement de poils de chameau, et une ceinture de cuir autour des reins. Il se nourrissait de sauterelles et de miel sauvage. \u00bb Matthieu 3,4 &gt; Ce verset, tout simple, nous rappelle, en cette p\u00e9riode de No\u00ebl, trop marqu\u00e9e par un consum\u00e9risme effr\u00e9n\u00e9, que le message du Christ est avant tout celui de la simplicit\u00e9 et du partage. Le superflu qui nous entoure est-il vital ? Ne serions-nous pas plus heureux et sereins avec moins de mat\u00e9riel et plus de spirituel ? Voil\u00e0 des questions que les chr\u00e9tiens pourraient se poser en ces p\u00e9riodes de f\u00eates.<\/p>\n","protected":false},"author":1,"featured_media":0,"comment_status":"open","ping_status":"open","sticky":false,"template":"","format":"standard","meta":{"footnotes":""},"categories":[147,4,8],"tags":[169,433,42,166,167,168],"class_list":["post-462","post","type-post","status-publish","format-standard","hentry","category-avent-2","category-dimanche","category-matthieu","tag-jean-baptiste","tag-matthieu","tag-partage","tag-simplicite","tag-spirituel","tag-superflu"],"_links":{"self":[{"href":"https:\/\/levangilealecran.com\/index.php?rest_route=\/wp\/v2\/posts\/462","targetHints":{"allow":["GET"]}}],"collection":[{"href":"https:\/\/levangilealecran.com\/index.php?rest_route=\/wp\/v2\/posts"}],"about":[{"href":"https:\/\/levangilealecran.com\/index.php?rest_route=\/wp\/v2\/types\/post"}],"author":[{"embeddable":true,"href":"https:\/\/levangilealecran.com\/index.php?rest_route=\/wp\/v2\/users\/1"}],"replies":[{"embeddable":true,"href":"https:\/\/levangilealecran.com\/index.php?rest_route=%2Fwp%2Fv2%2Fcomments&post=462"}],"version-history":[{"count":1,"href":"https:\/\/levangilealecran.com\/index.php?rest_route=\/wp\/v2\/posts\/462\/revisions"}],"predecessor-version":[{"id":463,"href":"https:\/\/levangilealecran.com\/index.php?rest_route=\/wp\/v2\/posts\/462\/revisions\/463"}],"wp:attachment":[{"href":"https:\/\/levangilealecran.com\/index.php?rest_route=%2Fwp%2Fv2%2Fmedia&parent=462"}],"wp:term":[{"taxonomy":"category","embeddable":true,"href":"https:\/\/levangilealecran.com\/index.php?rest_route=%2Fwp%2Fv2%2Fcategories&post=462"},{"taxonomy":"post_tag","embeddable":true,"href":"https:\/\/levangilealecran.com\/index.php?rest_route=%2Fwp%2Fv2%2Ftags&post=462"}],"curies":[{"name":"wp","href":"https:\/\/api.w.org\/{rel}","templated":true}]}}