{"id":458,"date":"2013-12-06T07:00:17","date_gmt":"2013-12-06T06:00:17","guid":{"rendered":"http:\/\/levangilealecran.com?p=458"},"modified":"2013-12-02T08:30:30","modified_gmt":"2013-12-02T07:30:30","slug":"avent-2013-jour-6","status":"publish","type":"post","link":"https:\/\/levangilealecran.com\/?p=458","title":{"rendered":"Avent 2013 &#8211; Jour 6"},"content":{"rendered":"<p style=\"text-align: justify;\">\u00ab Leurs yeux s&rsquo;ouvrirent. Puis J\u00e9sus leur dit avec s\u00e9v\u00e9rit\u00e9: \u00ab\u00a0Attention! Que personne ne le sache!\u00a0\u00bb Mais eux, \u00e0 peine sortis, parl\u00e8rent de lui dans toute cette r\u00e9gion. \u00bb Matthieu 9, 30-31.<\/p>\n<p style=\"text-align: justify;\"><strong>&gt; Taire le miracle. Taire le bouleversement. Taire ce qui change ma vie&#8230; La crainte de J\u00e9sus, de voir affluer vers lui des gens motiv\u00e9s par autre chose que leur foi personnelle, se voit contr\u00e9e par l&rsquo;enthousiasme d\u00e9bordant des aveugles gu\u00e9ris.<\/strong><\/p>\n<p style=\"text-align: justify;\"><strong>Mais lorsque mes yeux sont ouverts sur la r\u00e9alit\u00e9 de notre monde, sur ma vie, sur ma foi, puis-je passer sous silence ce qui surgit en moi? Mon c\u0153ur est boulevers\u00e9, mon corps est chamboul\u00e9, puis-je mettre cela sous un boisseau?<\/strong><\/p>\n<p style=\"text-align: justify;\"><strong>Et je me demande en quoi l&rsquo;\u00e9v\u00e9nement de No\u00ebl, f\u00eate de l&rsquo;humanit\u00e9 de Dieu parmi nous, me bouleverse et m&rsquo;ouvre les yeux sur notre monde&#8230; Alors, et nous,\u00a0aujourd\u2019hui, comme demain, \u00e0 l\u2019image des deux aveugles, pourrons-nous taire cela\u00a0plus longtemps?\u00a0\u00bb&#8230;<\/strong><\/p>\n","protected":false},"excerpt":{"rendered":"<p>\u00ab Leurs yeux s&rsquo;ouvrirent. Puis J\u00e9sus leur dit avec s\u00e9v\u00e9rit\u00e9: \u00ab\u00a0Attention! Que personne ne le sache!\u00a0\u00bb Mais eux, \u00e0 peine sortis, parl\u00e8rent de lui dans toute cette r\u00e9gion. \u00bb Matthieu 9, 30-31. &gt; Taire le miracle. Taire le bouleversement. Taire ce qui change ma vie&#8230; La crainte de J\u00e9sus, de voir affluer vers lui des gens motiv\u00e9s par autre chose que leur foi personnelle, se voit contr\u00e9e par l&rsquo;enthousiasme d\u00e9bordant des aveugles gu\u00e9ris. Mais lorsque mes yeux sont ouverts sur la r\u00e9alit\u00e9 de notre monde, sur ma vie, sur ma foi, puis-je passer sous silence ce qui surgit en moi? Mon c\u0153ur est boulevers\u00e9, mon corps est chamboul\u00e9, puis-je mettre \u2026 <a class=\"continue-reading-link\" href=\"https:\/\/levangilealecran.com\/?p=458\"> Continue reading <span class=\"meta-nav\">&rarr; <\/span><\/a><\/p>\n","protected":false},"author":1,"featured_media":0,"comment_status":"open","ping_status":"open","sticky":false,"template":"","format":"standard","meta":{"footnotes":""},"categories":[147,8],"tags":[164,165,163,433,162],"class_list":["post-458","post","type-post","status-publish","format-standard","hentry","category-avent-2","category-matthieu","tag-annonce","tag-aveugles","tag-bonne-nouvelle","tag-matthieu","tag-peur"],"_links":{"self":[{"href":"https:\/\/levangilealecran.com\/index.php?rest_route=\/wp\/v2\/posts\/458","targetHints":{"allow":["GET"]}}],"collection":[{"href":"https:\/\/levangilealecran.com\/index.php?rest_route=\/wp\/v2\/posts"}],"about":[{"href":"https:\/\/levangilealecran.com\/index.php?rest_route=\/wp\/v2\/types\/post"}],"author":[{"embeddable":true,"href":"https:\/\/levangilealecran.com\/index.php?rest_route=\/wp\/v2\/users\/1"}],"replies":[{"embeddable":true,"href":"https:\/\/levangilealecran.com\/index.php?rest_route=%2Fwp%2Fv2%2Fcomments&post=458"}],"version-history":[{"count":1,"href":"https:\/\/levangilealecran.com\/index.php?rest_route=\/wp\/v2\/posts\/458\/revisions"}],"predecessor-version":[{"id":459,"href":"https:\/\/levangilealecran.com\/index.php?rest_route=\/wp\/v2\/posts\/458\/revisions\/459"}],"wp:attachment":[{"href":"https:\/\/levangilealecran.com\/index.php?rest_route=%2Fwp%2Fv2%2Fmedia&parent=458"}],"wp:term":[{"taxonomy":"category","embeddable":true,"href":"https:\/\/levangilealecran.com\/index.php?rest_route=%2Fwp%2Fv2%2Fcategories&post=458"},{"taxonomy":"post_tag","embeddable":true,"href":"https:\/\/levangilealecran.com\/index.php?rest_route=%2Fwp%2Fv2%2Ftags&post=458"}],"curies":[{"name":"wp","href":"https:\/\/api.w.org\/{rel}","templated":true}]}}