{"id":456,"date":"2013-12-05T07:00:02","date_gmt":"2013-12-05T06:00:02","guid":{"rendered":"http:\/\/levangilealecran.com?p=456"},"modified":"2013-12-02T08:30:13","modified_gmt":"2013-12-02T07:30:13","slug":"avent-2013-jour-5","status":"publish","type":"post","link":"https:\/\/levangilealecran.com\/?p=456","title":{"rendered":"Avent 2013 &#8211; Jour 5"},"content":{"rendered":"<p style=\"text-align: justify;\">\u00ab Ainsi, quiconque \u00e9coute ces paroles que je viens de dire et les met en pratique, peut se comparer \u00e0 un homme avis\u00e9 qui a b\u00e2ti sa maison sur le roc. \u00bb Matthieu 7,24<\/p>\n<p style=\"text-align: justify;\"><strong>&gt; S\u2019habituer \u00e0 vivre les versets de l\u2019Evangile &#8211; tous et quotidiennement &#8211; pour que nos vies tiennent face \u00e0 l\u2019\u00e9preuve, voil\u00e0 le conseil de J\u00e9sus. <\/strong><\/p>\n<p style=\"text-align: justify;\"><strong>Aujourd\u2019hui, pensons \u00e0 un verset avec lequel nous avons toujours eu des difficult\u00e9s, et m\u00e9ditons comment nous pourrions commencer \u00e0 le vivre malgr\u00e9 tout (si vous n\u2019en avez pas en t\u00eate, je propose : \u00ab Priez <\/strong><em>[une dizaine du chapelet par exemple]<\/em><strong> pour vos ennemis \u00bb).<\/strong><\/p>\n<p>&nbsp;<\/p>\n","protected":false},"excerpt":{"rendered":"<p>\u00ab Ainsi, quiconque \u00e9coute ces paroles que je viens de dire et les met en pratique, peut se comparer \u00e0 un homme avis\u00e9 qui a b\u00e2ti sa maison sur le roc. \u00bb Matthieu 7,24 &gt; S\u2019habituer \u00e0 vivre les versets de l\u2019Evangile &#8211; tous et quotidiennement &#8211; pour que nos vies tiennent face \u00e0 l\u2019\u00e9preuve, voil\u00e0 le conseil de J\u00e9sus. Aujourd\u2019hui, pensons \u00e0 un verset avec lequel nous avons toujours eu des difficult\u00e9s, et m\u00e9ditons comment nous pourrions commencer \u00e0 le vivre malgr\u00e9 tout (si vous n\u2019en avez pas en t\u00eate, je propose : \u00ab Priez [une dizaine du chapelet par exemple] pour vos ennemis \u00bb). &nbsp;<\/p>\n","protected":false},"author":1,"featured_media":0,"comment_status":"open","ping_status":"open","sticky":false,"template":"","format":"standard","meta":{"footnotes":""},"categories":[147,8],"tags":[433,160,31,161,159],"class_list":["post-456","post","type-post","status-publish","format-standard","hentry","category-avent-2","category-matthieu","tag-matthieu","tag-meditation","tag-priere","tag-roc","tag-verset"],"_links":{"self":[{"href":"https:\/\/levangilealecran.com\/index.php?rest_route=\/wp\/v2\/posts\/456","targetHints":{"allow":["GET"]}}],"collection":[{"href":"https:\/\/levangilealecran.com\/index.php?rest_route=\/wp\/v2\/posts"}],"about":[{"href":"https:\/\/levangilealecran.com\/index.php?rest_route=\/wp\/v2\/types\/post"}],"author":[{"embeddable":true,"href":"https:\/\/levangilealecran.com\/index.php?rest_route=\/wp\/v2\/users\/1"}],"replies":[{"embeddable":true,"href":"https:\/\/levangilealecran.com\/index.php?rest_route=%2Fwp%2Fv2%2Fcomments&post=456"}],"version-history":[{"count":1,"href":"https:\/\/levangilealecran.com\/index.php?rest_route=\/wp\/v2\/posts\/456\/revisions"}],"predecessor-version":[{"id":457,"href":"https:\/\/levangilealecran.com\/index.php?rest_route=\/wp\/v2\/posts\/456\/revisions\/457"}],"wp:attachment":[{"href":"https:\/\/levangilealecran.com\/index.php?rest_route=%2Fwp%2Fv2%2Fmedia&parent=456"}],"wp:term":[{"taxonomy":"category","embeddable":true,"href":"https:\/\/levangilealecran.com\/index.php?rest_route=%2Fwp%2Fv2%2Fcategories&post=456"},{"taxonomy":"post_tag","embeddable":true,"href":"https:\/\/levangilealecran.com\/index.php?rest_route=%2Fwp%2Fv2%2Ftags&post=456"}],"curies":[{"name":"wp","href":"https:\/\/api.w.org\/{rel}","templated":true}]}}