{"id":454,"date":"2013-12-04T07:00:21","date_gmt":"2013-12-04T06:00:21","guid":{"rendered":"http:\/\/levangilealecran.com?p=454"},"modified":"2013-12-02T08:30:04","modified_gmt":"2013-12-02T07:30:04","slug":"avent-2013-jour-4","status":"publish","type":"post","link":"https:\/\/levangilealecran.com\/?p=454","title":{"rendered":"Avent 2013 &#8211; Jour 4"},"content":{"rendered":"<p style=\"text-align: justify;\">\u00ab Je ne veux pas les renvoyer \u00e0 jeun \u00bb (Matthieu 15,32)<\/p>\n<p style=\"text-align: justify;\"><strong>&gt; J\u00e9sus ne nous dit pas de nous goinfrer, mais il ne nous dit pas non plus de je\u00fbner.<\/strong><\/p>\n<p style=\"text-align: justify;\"><strong>A travers les r\u00e9cits de miracle et notamment celui de la multiplication des pains, J\u00e9sus nous dit quelque chose d&rsquo;essentiel au sujet de Dieu.<\/strong><\/p>\n<p style=\"text-align: justify;\"><strong>Dieu est un Dieu de vie et de g\u00e9n\u00e9rosit\u00e9. Il ne veut pas nous laisser d\u00e9faillir en route.<\/strong><\/p>\n<p style=\"text-align: justify;\"><strong>Marchons sur la route de notre vie en \u00e9tant nous-m\u00eames, des t\u00e9moins de vie et de g\u00e9n\u00e9rosit\u00e9.<\/strong><\/p>\n","protected":false},"excerpt":{"rendered":"<p>\u00ab Je ne veux pas les renvoyer \u00e0 jeun \u00bb (Matthieu 15,32) &gt; J\u00e9sus ne nous dit pas de nous goinfrer, mais il ne nous dit pas non plus de je\u00fbner. A travers les r\u00e9cits de miracle et notamment celui de la multiplication des pains, J\u00e9sus nous dit quelque chose d&rsquo;essentiel au sujet de Dieu. Dieu est un Dieu de vie et de g\u00e9n\u00e9rosit\u00e9. Il ne veut pas nous laisser d\u00e9faillir en route. Marchons sur la route de notre vie en \u00e9tant nous-m\u00eames, des t\u00e9moins de vie et de g\u00e9n\u00e9rosit\u00e9.<\/p>\n","protected":false},"author":1,"featured_media":0,"comment_status":"open","ping_status":"open","sticky":false,"template":"","format":"standard","meta":{"footnotes":""},"categories":[147,8],"tags":[157,158,155,433,156,52],"class_list":["post-454","post","type-post","status-publish","format-standard","hentry","category-avent-2","category-matthieu","tag-generosite","tag-jeune","tag-marche","tag-matthieu","tag-temoins","tag-vie"],"_links":{"self":[{"href":"https:\/\/levangilealecran.com\/index.php?rest_route=\/wp\/v2\/posts\/454","targetHints":{"allow":["GET"]}}],"collection":[{"href":"https:\/\/levangilealecran.com\/index.php?rest_route=\/wp\/v2\/posts"}],"about":[{"href":"https:\/\/levangilealecran.com\/index.php?rest_route=\/wp\/v2\/types\/post"}],"author":[{"embeddable":true,"href":"https:\/\/levangilealecran.com\/index.php?rest_route=\/wp\/v2\/users\/1"}],"replies":[{"embeddable":true,"href":"https:\/\/levangilealecran.com\/index.php?rest_route=%2Fwp%2Fv2%2Fcomments&post=454"}],"version-history":[{"count":1,"href":"https:\/\/levangilealecran.com\/index.php?rest_route=\/wp\/v2\/posts\/454\/revisions"}],"predecessor-version":[{"id":455,"href":"https:\/\/levangilealecran.com\/index.php?rest_route=\/wp\/v2\/posts\/454\/revisions\/455"}],"wp:attachment":[{"href":"https:\/\/levangilealecran.com\/index.php?rest_route=%2Fwp%2Fv2%2Fmedia&parent=454"}],"wp:term":[{"taxonomy":"category","embeddable":true,"href":"https:\/\/levangilealecran.com\/index.php?rest_route=%2Fwp%2Fv2%2Fcategories&post=454"},{"taxonomy":"post_tag","embeddable":true,"href":"https:\/\/levangilealecran.com\/index.php?rest_route=%2Fwp%2Fv2%2Ftags&post=454"}],"curies":[{"name":"wp","href":"https:\/\/api.w.org\/{rel}","templated":true}]}}