{"id":450,"date":"2013-12-02T08:00:58","date_gmt":"2013-12-02T07:00:58","guid":{"rendered":"http:\/\/levangilealecran.com?p=450"},"modified":"2013-12-02T08:08:28","modified_gmt":"2013-12-02T07:08:28","slug":"avent-2013-jour-2","status":"publish","type":"post","link":"https:\/\/levangilealecran.com\/?p=450","title":{"rendered":"Avent 2013 &#8211; Jour 2"},"content":{"rendered":"<p style=\"text-align: justify;\">\u00ab Mais le centurion reprit : \u201cSeigneur, je ne suis pas digne que tu entres sous mon toit ; dis seulement un mot et mon serviteur sera gu\u00e9ri\u201c \u00bb Matthieu 8,8<\/p>\n<p style=\"text-align: justify;\"><strong>&gt; J\u2019aime ce centurion qui n\u2019h\u00e9site pas \u00e0 faire route pour d\u00e9nicher celui qui saura gu\u00e9rir un subalterne. Quand, pour la derni\u00e8re fois, ai-je remu\u00e9 ciel et terre pour un autre que moi ?<\/strong><\/p>\n<p style=\"text-align: justify;\"><strong>Il me rappelle aussi la proximit\u00e9 de la parole et du geste, la force cr\u00e9atrice des mots qui se font tant\u00f4t caresses tant\u00f4t soufflets. J\u2019aurais tort de l\u2019oublier quand je b\u00e9nis ou quand je maudis\u2026<\/strong><\/p>\n<p style=\"text-align: justify;\"><strong>Enfin, il m\u2019invite \u00e0 concevoir l\u2019autorit\u00e9 comme l\u2019acte qui autorise, qui vainc les r\u00e9sistances et rend possible l\u2019impossible.<\/strong><\/p>\n<p>&nbsp;<\/p>\n","protected":false},"excerpt":{"rendered":"<p>\u00ab Mais le centurion reprit : \u201cSeigneur, je ne suis pas digne que tu entres sous mon toit ; dis seulement un mot et mon serviteur sera gu\u00e9ri\u201c \u00bb Matthieu 8,8 &gt; J\u2019aime ce centurion qui n\u2019h\u00e9site pas \u00e0 faire route pour d\u00e9nicher celui qui saura gu\u00e9rir un subalterne. Quand, pour la derni\u00e8re fois, ai-je remu\u00e9 ciel et terre pour un autre que moi ? Il me rappelle aussi la proximit\u00e9 de la parole et du geste, la force cr\u00e9atrice des mots qui se font tant\u00f4t caresses tant\u00f4t soufflets. J\u2019aurais tort de l\u2019oublier quand je b\u00e9nis ou quand je maudis\u2026 Enfin, il m\u2019invite \u00e0 concevoir l\u2019autorit\u00e9 comme l\u2019acte qui autorise, \u2026 <a class=\"continue-reading-link\" href=\"https:\/\/levangilealecran.com\/?p=450\"> Continue reading <span class=\"meta-nav\">&rarr; <\/span><\/a><\/p>\n","protected":false},"author":1,"featured_media":0,"comment_status":"open","ping_status":"open","sticky":false,"template":"","format":"standard","meta":{"footnotes":""},"categories":[147,8],"tags":[154,151,152,153,433],"class_list":["post-450","post","type-post","status-publish","format-standard","hentry","category-avent-2","category-matthieu","tag-autorite","tag-benir","tag-centurion","tag-guerison","tag-matthieu"],"_links":{"self":[{"href":"https:\/\/levangilealecran.com\/index.php?rest_route=\/wp\/v2\/posts\/450","targetHints":{"allow":["GET"]}}],"collection":[{"href":"https:\/\/levangilealecran.com\/index.php?rest_route=\/wp\/v2\/posts"}],"about":[{"href":"https:\/\/levangilealecran.com\/index.php?rest_route=\/wp\/v2\/types\/post"}],"author":[{"embeddable":true,"href":"https:\/\/levangilealecran.com\/index.php?rest_route=\/wp\/v2\/users\/1"}],"replies":[{"embeddable":true,"href":"https:\/\/levangilealecran.com\/index.php?rest_route=%2Fwp%2Fv2%2Fcomments&post=450"}],"version-history":[{"count":1,"href":"https:\/\/levangilealecran.com\/index.php?rest_route=\/wp\/v2\/posts\/450\/revisions"}],"predecessor-version":[{"id":451,"href":"https:\/\/levangilealecran.com\/index.php?rest_route=\/wp\/v2\/posts\/450\/revisions\/451"}],"wp:attachment":[{"href":"https:\/\/levangilealecran.com\/index.php?rest_route=%2Fwp%2Fv2%2Fmedia&parent=450"}],"wp:term":[{"taxonomy":"category","embeddable":true,"href":"https:\/\/levangilealecran.com\/index.php?rest_route=%2Fwp%2Fv2%2Fcategories&post=450"},{"taxonomy":"post_tag","embeddable":true,"href":"https:\/\/levangilealecran.com\/index.php?rest_route=%2Fwp%2Fv2%2Ftags&post=450"}],"curies":[{"name":"wp","href":"https:\/\/api.w.org\/{rel}","templated":true}]}}