{"id":435,"date":"2013-11-22T10:30:19","date_gmt":"2013-11-22T09:30:19","guid":{"rendered":"http:\/\/levangilealecran.com?p=435"},"modified":"2013-11-22T10:30:19","modified_gmt":"2013-11-22T09:30:19","slug":"34e-dimanche-c-christ-roi","status":"publish","type":"post","link":"https:\/\/levangilealecran.com\/?p=435","title":{"rendered":"34e dimanche &#8211; C &#8211; Christ-Roi"},"content":{"rendered":"<p>Et il [l\u2019un des malfaiteurs] disait : \u00ab J\u00e9sus, souviens-toi de moi quand tu viendras inaugurer ton R\u00e8gne. \u00bb J\u00e9sus lui r\u00e9pondit : \u00ab Amen, je te le d\u00e9clare : aujourd&rsquo;hui, tu seras avec moi dans le Paradis. \u00bb &#8211; Lc 23, 42-43<\/p>\n<p><strong>&gt; On sent ici l\u2019insistance du condamn\u00e9 \u00e0 mort \u00e0 c\u00f4t\u00e9 de J\u00e9sus. Qui l\u2019interpelle d\u2019ailleurs par son nom, ce qui d\u00e9note une certaine familiarit\u00e9. Une proximit\u00e9 que J\u00e9sus, Emmanuel, \u00ab Dieu avec nous \u00bb, lui promet : \u00ab aujourd&rsquo;hui, tu seras avec moi \u00bb. Aujourd\u2019hui\u2026 Oui, il n\u2019y a pas \u00e0 attendre, c\u2019est aujourd\u2019hui, le premier jour de la vie qui nous reste, que J\u00e9sus se fait proche.<\/strong><\/p>\n<p><strong>Et nous, appellons-nous J\u00e9sus par son nom, ou par un titre (Messie, Sauveur, etc.) ? L\u2019acceptons-nous comme compagnon pour le reste de notre vie et au-del\u00e0? Si nous h\u00e9sitons ou si nous nous posons encore des questions, il nous reste un peu plus d\u2019un mois pour nous pr\u00e9parer \u00e0 sa venue. Que ce temps de l\u2019Avent qui s\u2019ouvre devant nous soit une occasion d\u2019oser notre \u00ab oui \u00bb !<\/strong><\/p>\n","protected":false},"excerpt":{"rendered":"<p>Et il [l\u2019un des malfaiteurs] disait : \u00ab J\u00e9sus, souviens-toi de moi quand tu viendras inaugurer ton R\u00e8gne. \u00bb J\u00e9sus lui r\u00e9pondit : \u00ab Amen, je te le d\u00e9clare : aujourd&rsquo;hui, tu seras avec moi dans le Paradis. \u00bb &#8211; Lc 23, 42-43 &gt; On sent ici l\u2019insistance du condamn\u00e9 \u00e0 mort \u00e0 c\u00f4t\u00e9 de J\u00e9sus. Qui l\u2019interpelle d\u2019ailleurs par son nom, ce qui d\u00e9note une certaine familiarit\u00e9. Une proximit\u00e9 que J\u00e9sus, Emmanuel, \u00ab Dieu avec nous \u00bb, lui promet : \u00ab aujourd&rsquo;hui, tu seras avec moi \u00bb. Aujourd\u2019hui\u2026 Oui, il n\u2019y a pas \u00e0 attendre, c\u2019est aujourd\u2019hui, le premier jour de la vie qui nous reste, que J\u00e9sus se \u2026 <a class=\"continue-reading-link\" href=\"https:\/\/levangilealecran.com\/?p=435\"> Continue reading <span class=\"meta-nav\">&rarr; <\/span><\/a><\/p>\n","protected":false},"author":1,"featured_media":0,"comment_status":"open","ping_status":"open","sticky":false,"template":"","format":"standard","meta":{"footnotes":""},"categories":[4,24,6],"tags":[40,18,146,144,145],"class_list":["post-435","post","type-post","status-publish","format-standard","hentry","category-dimanche","category-fetes","category-luc","tag-aujourdhui","tag-avent","tag-christ-roi","tag-oui","tag-proximite"],"_links":{"self":[{"href":"https:\/\/levangilealecran.com\/index.php?rest_route=\/wp\/v2\/posts\/435","targetHints":{"allow":["GET"]}}],"collection":[{"href":"https:\/\/levangilealecran.com\/index.php?rest_route=\/wp\/v2\/posts"}],"about":[{"href":"https:\/\/levangilealecran.com\/index.php?rest_route=\/wp\/v2\/types\/post"}],"author":[{"embeddable":true,"href":"https:\/\/levangilealecran.com\/index.php?rest_route=\/wp\/v2\/users\/1"}],"replies":[{"embeddable":true,"href":"https:\/\/levangilealecran.com\/index.php?rest_route=%2Fwp%2Fv2%2Fcomments&post=435"}],"version-history":[{"count":1,"href":"https:\/\/levangilealecran.com\/index.php?rest_route=\/wp\/v2\/posts\/435\/revisions"}],"predecessor-version":[{"id":436,"href":"https:\/\/levangilealecran.com\/index.php?rest_route=\/wp\/v2\/posts\/435\/revisions\/436"}],"wp:attachment":[{"href":"https:\/\/levangilealecran.com\/index.php?rest_route=%2Fwp%2Fv2%2Fmedia&parent=435"}],"wp:term":[{"taxonomy":"category","embeddable":true,"href":"https:\/\/levangilealecran.com\/index.php?rest_route=%2Fwp%2Fv2%2Fcategories&post=435"},{"taxonomy":"post_tag","embeddable":true,"href":"https:\/\/levangilealecran.com\/index.php?rest_route=%2Fwp%2Fv2%2Ftags&post=435"}],"curies":[{"name":"wp","href":"https:\/\/api.w.org\/{rel}","templated":true}]}}