{"id":379,"date":"2013-11-08T10:14:41","date_gmt":"2013-11-08T09:14:41","guid":{"rendered":"http:\/\/levangilealecran.com?p=379"},"modified":"2013-11-08T10:14:41","modified_gmt":"2013-11-08T09:14:41","slug":"32e-dimanche-c","status":"publish","type":"post","link":"https:\/\/levangilealecran.com\/?p=379","title":{"rendered":"32e dimanche &#8211; C"},"content":{"rendered":"<p style=\"text-align: justify;\">\u00ab Il n\u2019est pas le Dieu des morts, mais des vivants ; tous vivent en effet pour lui. \u00bb Lc 20,38<\/p>\n<p style=\"text-align: justify;\"><strong>&gt; Cette d\u00e9claration de J\u00e9sus conclut la discussion de la r\u00e9surrection avec les sadduc\u00e9ens. Ceux-ci ne croient pas en la r\u00e9surrection, car elle n\u2019est pas inscrite dans la loi de Mo\u00efse. Ils se sont laiss\u00e9 enfermer par une loi qui \u00e9tait sens\u00e9 les rendre libres, faire d\u2019eux des vivants.<\/strong><\/p>\n<p style=\"text-align: justify;\"><strong>Nous sommes invit\u00e9s cette semaine \u00e0 poser des actes qui donnent la vie. Que nos actions ne se r\u00e9sument pas \u00e0 suivre des lois, des habitudes, des ordres. Mais prenons au contraire conscience de ce que nous faisons et de pourquoi nous le faisons. Que nos gestes et nos d\u00e9cisions soient des actes cr\u00e9ateurs de vie pour nous et pour les autres !<\/strong><\/p>\n","protected":false},"excerpt":{"rendered":"<p>\u00ab Il n\u2019est pas le Dieu des morts, mais des vivants ; tous vivent en effet pour lui. \u00bb Lc 20,38 &gt; Cette d\u00e9claration de J\u00e9sus conclut la discussion de la r\u00e9surrection avec les sadduc\u00e9ens. Ceux-ci ne croient pas en la r\u00e9surrection, car elle n\u2019est pas inscrite dans la loi de Mo\u00efse. Ils se sont laiss\u00e9 enfermer par une loi qui \u00e9tait sens\u00e9 les rendre libres, faire d\u2019eux des vivants. Nous sommes invit\u00e9s cette semaine \u00e0 poser des actes qui donnent la vie. Que nos actions ne se r\u00e9sument pas \u00e0 suivre des lois, des habitudes, des ordres. Mais prenons au contraire conscience de ce que nous faisons et de \u2026 <a class=\"continue-reading-link\" href=\"https:\/\/levangilealecran.com\/?p=379\"> Continue reading <span class=\"meta-nav\">&rarr; <\/span><\/a><\/p>\n","protected":false},"author":1,"featured_media":0,"comment_status":"open","ping_status":"open","sticky":false,"template":"","format":"standard","meta":{"footnotes":""},"categories":[4,6],"tags":[139,141,431,140,52],"class_list":["post-379","post","type-post","status-publish","format-standard","hentry","category-dimanche","category-luc","tag-conscience","tag-liberte","tag-luc","tag-sens","tag-vie"],"_links":{"self":[{"href":"https:\/\/levangilealecran.com\/index.php?rest_route=\/wp\/v2\/posts\/379","targetHints":{"allow":["GET"]}}],"collection":[{"href":"https:\/\/levangilealecran.com\/index.php?rest_route=\/wp\/v2\/posts"}],"about":[{"href":"https:\/\/levangilealecran.com\/index.php?rest_route=\/wp\/v2\/types\/post"}],"author":[{"embeddable":true,"href":"https:\/\/levangilealecran.com\/index.php?rest_route=\/wp\/v2\/users\/1"}],"replies":[{"embeddable":true,"href":"https:\/\/levangilealecran.com\/index.php?rest_route=%2Fwp%2Fv2%2Fcomments&post=379"}],"version-history":[{"count":2,"href":"https:\/\/levangilealecran.com\/index.php?rest_route=\/wp\/v2\/posts\/379\/revisions"}],"predecessor-version":[{"id":381,"href":"https:\/\/levangilealecran.com\/index.php?rest_route=\/wp\/v2\/posts\/379\/revisions\/381"}],"wp:attachment":[{"href":"https:\/\/levangilealecran.com\/index.php?rest_route=%2Fwp%2Fv2%2Fmedia&parent=379"}],"wp:term":[{"taxonomy":"category","embeddable":true,"href":"https:\/\/levangilealecran.com\/index.php?rest_route=%2Fwp%2Fv2%2Fcategories&post=379"},{"taxonomy":"post_tag","embeddable":true,"href":"https:\/\/levangilealecran.com\/index.php?rest_route=%2Fwp%2Fv2%2Ftags&post=379"}],"curies":[{"name":"wp","href":"https:\/\/api.w.org\/{rel}","templated":true}]}}