{"id":361,"date":"2013-09-27T22:49:29","date_gmt":"2013-09-27T20:49:29","guid":{"rendered":"http:\/\/levangilealecran.com?p=361"},"modified":"2013-09-27T22:49:29","modified_gmt":"2013-09-27T20:49:29","slug":"26e-dimanche-c","status":"publish","type":"post","link":"https:\/\/levangilealecran.com\/?p=361","title":{"rendered":"26e dimanche &#8211; C"},"content":{"rendered":"<p style=\"text-align: justify;\">\u00ab\u00a0Au s\u00e9jour des morts, il (le riche) \u00e9tait en proie \u00e0 la torture; il leva les yeux et vit de loin Abraham avec Lazare tout pr\u00e8s de lui.\u00a0\u00bb Lc 16, 23<\/p>\n<p style=\"text-align: justify;\"><b>&gt; C&rsquo;est l&rsquo;histoire du riche qui m\u00e8ne un train de vie somptueux et du pauvre Lazare couch\u00e9 devant le portail. Durant toute sa vie luxueuse, le riche ne voit pas ou ne veut pas voir le pauvre Lazare devant sa porte. C&rsquo;est seulement \u00e0 sa mort qu&rsquo;il monte le regard vers lui et c&rsquo;est trop tard\u2026<\/b><\/p>\n<p style=\"text-align: justify;\"><b>Nous sommes invit\u00e9s cette semaine \u00e0 avoir une attention sp\u00e9ciale pour ceux qui nous entourent et qui auraient besoin d&rsquo;un peu d&rsquo;attention, d&rsquo;un peu d&rsquo;\u00e9coute. Sp\u00e9cialement ceux qu&rsquo;on croise souvent et qu&rsquo;\u00e0 force d&rsquo;habitude, on aurait peut-\u00eatre tendance \u00e0 moins faire attention \u00e0 comment ils vont.<\/b><\/p>\n","protected":false},"excerpt":{"rendered":"<p>\u00ab\u00a0Au s\u00e9jour des morts, il (le riche) \u00e9tait en proie \u00e0 la torture; il leva les yeux et vit de loin Abraham avec Lazare tout pr\u00e8s de lui.\u00a0\u00bb Lc 16, 23 &gt; C&rsquo;est l&rsquo;histoire du riche qui m\u00e8ne un train de vie somptueux et du pauvre Lazare couch\u00e9 devant le portail. Durant toute sa vie luxueuse, le riche ne voit pas ou ne veut pas voir le pauvre Lazare devant sa porte. C&rsquo;est seulement \u00e0 sa mort qu&rsquo;il monte le regard vers lui et c&rsquo;est trop tard\u2026 Nous sommes invit\u00e9s cette semaine \u00e0 avoir une attention sp\u00e9ciale pour ceux qui nous entourent et qui auraient besoin d&rsquo;un peu d&rsquo;attention, d&rsquo;un \u2026 <a class=\"continue-reading-link\" href=\"https:\/\/levangilealecran.com\/?p=361\"> Continue reading <span class=\"meta-nav\">&rarr; <\/span><\/a><\/p>\n","protected":false},"author":1,"featured_media":0,"comment_status":"open","ping_status":"open","sticky":false,"template":"","format":"standard","meta":{"footnotes":""},"categories":[4,6],"tags":[130,431,129,128],"class_list":["post-361","post","type-post","status-publish","format-standard","hentry","category-dimanche","category-luc","tag-lazare","tag-luc","tag-porte","tag-riche-pauvre"],"_links":{"self":[{"href":"https:\/\/levangilealecran.com\/index.php?rest_route=\/wp\/v2\/posts\/361","targetHints":{"allow":["GET"]}}],"collection":[{"href":"https:\/\/levangilealecran.com\/index.php?rest_route=\/wp\/v2\/posts"}],"about":[{"href":"https:\/\/levangilealecran.com\/index.php?rest_route=\/wp\/v2\/types\/post"}],"author":[{"embeddable":true,"href":"https:\/\/levangilealecran.com\/index.php?rest_route=\/wp\/v2\/users\/1"}],"replies":[{"embeddable":true,"href":"https:\/\/levangilealecran.com\/index.php?rest_route=%2Fwp%2Fv2%2Fcomments&post=361"}],"version-history":[{"count":5,"href":"https:\/\/levangilealecran.com\/index.php?rest_route=\/wp\/v2\/posts\/361\/revisions"}],"predecessor-version":[{"id":366,"href":"https:\/\/levangilealecran.com\/index.php?rest_route=\/wp\/v2\/posts\/361\/revisions\/366"}],"wp:attachment":[{"href":"https:\/\/levangilealecran.com\/index.php?rest_route=%2Fwp%2Fv2%2Fmedia&parent=361"}],"wp:term":[{"taxonomy":"category","embeddable":true,"href":"https:\/\/levangilealecran.com\/index.php?rest_route=%2Fwp%2Fv2%2Fcategories&post=361"},{"taxonomy":"post_tag","embeddable":true,"href":"https:\/\/levangilealecran.com\/index.php?rest_route=%2Fwp%2Fv2%2Ftags&post=361"}],"curies":[{"name":"wp","href":"https:\/\/api.w.org\/{rel}","templated":true}]}}