{"id":3567,"date":"2026-08-28T07:00:00","date_gmt":"2026-08-28T05:00:00","guid":{"rendered":"https:\/\/levangilealecran.com\/?p=3567"},"modified":"2026-08-27T17:05:52","modified_gmt":"2026-08-27T15:05:52","slug":"22e-dimanche-du-temps-ordinaire-annee-a-30-aout-2026","status":"publish","type":"post","link":"https:\/\/levangilealecran.com\/?p=3567","title":{"rendered":"22e dimanche du Temps ordinaire \u2013 Ann\u00e9e A \u2013 30 ao\u00fbt 2026"},"content":{"rendered":"\n<blockquote class=\"wp-block-quote is-layout-flow wp-block-quote-is-layout-flow\">\n<p class=\"wp-block-paragraph\"><strong><em>\u00ab \u2026qu\u2019il lui fallait \u2026 \u00eatre tu\u00e9 et se r\u00e9veiller le troisi\u00e8me jour.\u00a0\u00bb<\/em><\/strong><\/p>\n<cite><strong>(Mt 16.21)<\/strong><\/cite><\/blockquote>\n\n\n\n<blockquote class=\"wp-block-quote is-layout-flow wp-block-quote-is-layout-flow\">\n<p class=\"wp-block-paragraph\"><em><strong><br>\u00ab\u00a0 Si quelqu\u2019un veut venir \u00e0 ma suite, qu\u2019il se renie lui-m\u00eame, qu\u2019il se charge de sa croix et qu\u2019il me suive.\u00a0\u00bb<\/strong><\/em><\/p>\n<cite><strong><em> (Mt 16.24)<\/em><\/strong><\/cite><\/blockquote>\n\n\n\n<figure class=\"wp-block-video\"><video height=\"1200\" style=\"aspect-ratio: 1200 \/ 1200;\" width=\"1200\" autoplay controls muted src=\"https:\/\/levangilealecran.com\/wp-content\/uploads\/2026\/08\/Evangile-a-LEcran-20260830.mp4\" playsinline><\/video><\/figure>\n\n\n\n<p class=\"wp-block-paragraph\"><strong>\u00ab\u00a0La croix qu\u2019il a port\u00e9e et la n\u00f4tre\u00a0\u00bb<\/strong><\/p>\n\n\n\n<p class=\"wp-block-paragraph\">&gt; Je porte une croix autour du cou, comme de nombreux chr\u00e9tiens de diff\u00e9rentes familles d\u2019\u00e9glises. Elle me rappelle d\u2019abord la croix \u00e0 laquelle mon Sauveur a \u00e9t\u00e9 clou\u00e9, pour mes p\u00e9ch\u00e9s, les tiens, et ceux du monde entier (1 Jean 2.2). Ensuite, elle me rappelle, et c\u2019est plus douloureux, l\u2019appel de J\u00e9sus \u00e0 porter ma propre croix.<\/p>\n\n\n\n<p class=\"wp-block-paragraph\">&gt; La premi\u00e8re signification suscite reconnaissance et joie \u00e0 cause de l\u2019\u0153uvre que Christ a accomplie par sa mort et sa r\u00e9surrection, un fois pour toutes. Elle m\u2019a permis de devenir enfant de Dieu. Et honn\u00eatement, je pr\u00e9f\u00e9rerais m\u2019arr\u00eater \u00e0 ce premier sens. Intuitivement, je n\u2019ai aucune envie de me renier moi-m\u00eame, perdre ma vie, \u00ab&nbsp;porter ma croix&nbsp;\u00bb. Par cette notion, J\u00e9sus pr\u00e9cise que dans un monde impact\u00e9 par le mal, vivre \u00e0 sa suite va t\u00f4t ou tard susciter de l\u2019incompr\u00e9hension, des conflits, de l\u2019opposition, voire de la violence. Il s\u2019agit alors de choisir et rester sur le chemin des B\u00e9atitudes.<\/p>\n\n\n\n<p class=\"wp-block-paragraph\">&gt; Et je n\u2019ai encore rien dit de ce qui en moi produit parfois du mauvais fruit\u2026<\/p>\n\n\n\n<p class=\"wp-block-paragraph\">Je m\u2019interroge&nbsp;: N\u2019est-ce pas pr\u00e9somptueux de porter une croix, m\u00eame sous le t-shirt&nbsp;?<\/p>\n\n\n\n<p class=\"wp-block-paragraph\">Puis je la vois de nouveau comme ce rappel du choix de Dieu de venir nous sauver, et nous guider dans une vie nouvelle. Et lorsque je me trouve en conflit avec ce monde d\u00e9chu dont je fais pourtant partie&nbsp;; quand je me trouve face \u00e0 mes propres faiblesses et \u00e9checs&nbsp;; cette croix me rappelle que J\u00e9sus non seulement m\u2019appelle \u00e0 porter ma croix, mais la porte avec moi, lui qui a promis d\u2019\u00eatre avec nous tous les jours jusqu\u2019\u00e0 la fin du monde (Matthieu 28.20b).<\/p>\n\n\n\n<p class=\"wp-block-paragraph\">&gt; Et toi, portes-tu une croix&nbsp;? Laquelle&nbsp;? Et avec qui&nbsp;?<\/p>\n","protected":false},"excerpt":{"rendered":"<p>\u00ab \u2026qu\u2019il lui fallait \u2026 \u00eatre tu\u00e9 et se r\u00e9veiller le troisi\u00e8me jour.\u00a0\u00bb (Mt 16.21) \u00ab\u00a0 Si quelqu\u2019un veut venir \u00e0 ma suite, qu\u2019il se renie lui-m\u00eame, qu\u2019il se charge de sa croix et qu\u2019il me suive.\u00a0\u00bb (Mt 16.24) \u00ab\u00a0La croix qu\u2019il a port\u00e9e et la n\u00f4tre\u00a0\u00bb &gt; Je porte une croix autour du cou, comme de nombreux chr\u00e9tiens de diff\u00e9rentes familles d\u2019\u00e9glises. Elle me rappelle d\u2019abord la croix \u00e0 laquelle mon Sauveur a \u00e9t\u00e9 clou\u00e9, pour mes p\u00e9ch\u00e9s, les tiens, et ceux du monde entier (1 Jean 2.2). Ensuite, elle me rappelle, et c\u2019est plus douloureux, l\u2019appel de J\u00e9sus \u00e0 porter ma propre croix. &gt; La premi\u00e8re signification suscite \u2026 <a class=\"continue-reading-link\" href=\"https:\/\/levangilealecran.com\/?p=3567\"> Continue reading <span class=\"meta-nav\">&rarr; <\/span><\/a><\/p>\n","protected":false},"author":2005,"featured_media":0,"comment_status":"open","ping_status":"open","sticky":false,"template":"","format":"standard","meta":{"footnotes":""},"categories":[4,8],"tags":[],"class_list":["post-3567","post","type-post","status-publish","format-standard","hentry","category-dimanche","category-matthieu"],"_links":{"self":[{"href":"https:\/\/levangilealecran.com\/index.php?rest_route=\/wp\/v2\/posts\/3567","targetHints":{"allow":["GET"]}}],"collection":[{"href":"https:\/\/levangilealecran.com\/index.php?rest_route=\/wp\/v2\/posts"}],"about":[{"href":"https:\/\/levangilealecran.com\/index.php?rest_route=\/wp\/v2\/types\/post"}],"author":[{"embeddable":true,"href":"https:\/\/levangilealecran.com\/index.php?rest_route=\/wp\/v2\/users\/2005"}],"replies":[{"embeddable":true,"href":"https:\/\/levangilealecran.com\/index.php?rest_route=%2Fwp%2Fv2%2Fcomments&post=3567"}],"version-history":[{"count":1,"href":"https:\/\/levangilealecran.com\/index.php?rest_route=\/wp\/v2\/posts\/3567\/revisions"}],"predecessor-version":[{"id":3569,"href":"https:\/\/levangilealecran.com\/index.php?rest_route=\/wp\/v2\/posts\/3567\/revisions\/3569"}],"wp:attachment":[{"href":"https:\/\/levangilealecran.com\/index.php?rest_route=%2Fwp%2Fv2%2Fmedia&parent=3567"}],"wp:term":[{"taxonomy":"category","embeddable":true,"href":"https:\/\/levangilealecran.com\/index.php?rest_route=%2Fwp%2Fv2%2Fcategories&post=3567"},{"taxonomy":"post_tag","embeddable":true,"href":"https:\/\/levangilealecran.com\/index.php?rest_route=%2Fwp%2Fv2%2Ftags&post=3567"}],"curies":[{"name":"wp","href":"https:\/\/api.w.org\/{rel}","templated":true}]}}