{"id":3563,"date":"2026-08-21T07:00:00","date_gmt":"2026-08-21T05:00:00","guid":{"rendered":"https:\/\/levangilealecran.com\/?p=3563"},"modified":"2026-08-21T01:06:23","modified_gmt":"2026-08-20T23:06:23","slug":"21e-dimanche-du-temps-ordinaire-a-23-aout-2026","status":"publish","type":"post","link":"https:\/\/levangilealecran.com\/?p=3563","title":{"rendered":"21e dimanche du Temps Ordinaire \u2013 A \u2013 23 ao\u00fbt 2026"},"content":{"rendered":"\n<blockquote class=\"wp-block-quote is-layout-flow wp-block-quote-is-layout-flow\">\n<p class=\"wp-block-paragraph\"><strong><em>\u00ab Seigneur, sauve-moi ! \u00bb<\/em><\/strong><\/p>\n<cite><strong><em>(Matthieu 16, 15)<\/em><\/strong><\/cite><\/blockquote>\n\n\n\n<figure class=\"wp-block-video\"><video height=\"1200\" style=\"aspect-ratio: 1200 \/ 1200;\" width=\"1200\" autoplay controls muted src=\"https:\/\/levangilealecran.com\/wp-content\/uploads\/2026\/08\/Evangile-a-LEcran-20260823.mp4\" playsinline><\/video><\/figure>\n\n\n\n<p class=\"wp-block-paragraph\"><strong>QUESTION PERTINENTE<\/strong><\/p>\n\n\n\n<p class=\"wp-block-paragraph\">&gt; La conversation d\u00e9marre sur une interrogation de J\u00e9sus sur sa r\u00e9putation dans une r\u00e9gion dont la capitale, C\u00e9sar\u00e9e-de-Philippe, imprime sa marque. La ville de Baal-Gad (ou Banias) a \u00e9t\u00e9 rebaptis\u00e9e au 1er si\u00e8cle avant J-C, par le t\u00e9trarque H\u00e9rode Philippe pour honorer l\u2019empereur Auguste (C\u00e9sar) et, en passant, lui-m\u00eame. L\u2019endroit \u00e9tait une concentration de temples pa\u00efens dont celui du dieu Pan log\u00e9 dans une grotte. Pour de nombreuses personnes, cette grotte \u00e9tait la porte menant aux enfers. Un lieu loin d\u2019\u00eatre id\u00e9al pour les croyants ! C\u2019est pourtant l\u00e0 que J\u00e9sus pose la question qui am\u00e8ne Pierre a faire une belle confession au vu et su de tous, y compris des cr\u00e9atures infernales.<\/p>\n\n\n\n<p class=\"wp-block-paragraph\">&gt; Cet \u00e9pisode ne s\u2019inscrit pas uniquement dans le pass\u00e9, il nous concerne. La question m\u2019est pos\u00e9e, elle t\u2019est pos\u00e9e : Pour toi qui suis-je ? demande J\u00e9sus. Aurons-nous le courage de prendre position ? Le courage n\u2019est pas de mise, l\u2019intelligence non plus ! Une \u00e9coute attentive de ce que Dieu lui-m\u00eame nous dit am\u00e8ne \u00e0 \u00eatre un t\u00e9moin fid\u00e8le et confessant dans le monde hostile. La Bonne Nouvelle est pour ce monde perdu aux yeux des hommes, mais tant aim\u00e9 de Dieu !<\/p>\n\n\n\n<p class=\"wp-block-paragraph\"><\/p>\n","protected":false},"excerpt":{"rendered":"<p>\u00ab Seigneur, sauve-moi ! \u00bb (Matthieu 16, 15) QUESTION PERTINENTE &gt; La conversation d\u00e9marre sur une interrogation de J\u00e9sus sur sa r\u00e9putation dans une r\u00e9gion dont la capitale, C\u00e9sar\u00e9e-de-Philippe, imprime sa marque. La ville de Baal-Gad (ou Banias) a \u00e9t\u00e9 rebaptis\u00e9e au 1er si\u00e8cle avant J-C, par le t\u00e9trarque H\u00e9rode Philippe pour honorer l\u2019empereur Auguste (C\u00e9sar) et, en passant, lui-m\u00eame. L\u2019endroit \u00e9tait une concentration de temples pa\u00efens dont celui du dieu Pan log\u00e9 dans une grotte. Pour de nombreuses personnes, cette grotte \u00e9tait la porte menant aux enfers. Un lieu loin d\u2019\u00eatre id\u00e9al pour les croyants ! C\u2019est pourtant l\u00e0 que J\u00e9sus pose la question qui am\u00e8ne Pierre a faire \u2026 <a class=\"continue-reading-link\" href=\"https:\/\/levangilealecran.com\/?p=3563\"> Continue reading <span class=\"meta-nav\">&rarr; <\/span><\/a><\/p>\n","protected":false},"author":2005,"featured_media":0,"comment_status":"open","ping_status":"open","sticky":false,"template":"","format":"standard","meta":{"footnotes":""},"categories":[4,8],"tags":[],"class_list":["post-3563","post","type-post","status-publish","format-standard","hentry","category-dimanche","category-matthieu"],"_links":{"self":[{"href":"https:\/\/levangilealecran.com\/index.php?rest_route=\/wp\/v2\/posts\/3563","targetHints":{"allow":["GET"]}}],"collection":[{"href":"https:\/\/levangilealecran.com\/index.php?rest_route=\/wp\/v2\/posts"}],"about":[{"href":"https:\/\/levangilealecran.com\/index.php?rest_route=\/wp\/v2\/types\/post"}],"author":[{"embeddable":true,"href":"https:\/\/levangilealecran.com\/index.php?rest_route=\/wp\/v2\/users\/2005"}],"replies":[{"embeddable":true,"href":"https:\/\/levangilealecran.com\/index.php?rest_route=%2Fwp%2Fv2%2Fcomments&post=3563"}],"version-history":[{"count":1,"href":"https:\/\/levangilealecran.com\/index.php?rest_route=\/wp\/v2\/posts\/3563\/revisions"}],"predecessor-version":[{"id":3565,"href":"https:\/\/levangilealecran.com\/index.php?rest_route=\/wp\/v2\/posts\/3563\/revisions\/3565"}],"wp:attachment":[{"href":"https:\/\/levangilealecran.com\/index.php?rest_route=%2Fwp%2Fv2%2Fmedia&parent=3563"}],"wp:term":[{"taxonomy":"category","embeddable":true,"href":"https:\/\/levangilealecran.com\/index.php?rest_route=%2Fwp%2Fv2%2Fcategories&post=3563"},{"taxonomy":"post_tag","embeddable":true,"href":"https:\/\/levangilealecran.com\/index.php?rest_route=%2Fwp%2Fv2%2Ftags&post=3563"}],"curies":[{"name":"wp","href":"https:\/\/api.w.org\/{rel}","templated":true}]}}